{"id":7994,"date":"2023-04-10T14:58:11","date_gmt":"2023-04-10T14:58:11","guid":{"rendered":"https:\/\/themexicopost.com\/?p=7994"},"modified":"2023-04-10T14:58:13","modified_gmt":"2023-04-10T14:58:13","slug":"mueren-cuatro-personas-en-una-avalancha-en-los-alpes-franceses","status":"publish","type":"post","link":"https:\/\/themexicopost.com\/?p=7994","title":{"rendered":"Mueren cuatro personas en una avalancha en los Alpes franceses"},"content":{"rendered":"\n<p class=\"wp-block-paragraph\">El desprendimiento ocurri\u00f3 en el glaciar de Armancette. Las autoridades indicaron que el balance es a\u00fan provisional.<br><\/p>\n\n\n\n<p class=\"wp-block-paragraph\">Una avalancha en los Alpes franceses mat\u00f3 a cuatro personas el domingo, dijo el ministro del Interior de Francia, y calific\u00f3 el n\u00famero de muertos como un recuento provisional.<br><\/p>\n\n\n\n<p class=\"wp-block-paragraph\">La avalancha descendi\u00f3 por el glaciar Armancette en Contamines-Montjoie, en la regi\u00f3n de Alta Saboya, a unos 30 kil\u00f3metros al suroeste de Chamonix.<br><\/p>\n\n\n\n<p class=\"wp-block-paragraph\">La avalancha se produjo a media jornada y los servicios de emergencias trabajan a\u00fan en el lugar, seg\u00fan transmiti\u00f3 el ministro de Interior franc\u00e9s, G\u00e9rald Darmanin, a trav\u00e9s de Twitter.<br><\/p>\n\n\n\n<figure class=\"wp-block-image size-large\"><img fetchpriority=\"high\" decoding=\"async\" width=\"1024\" height=\"683\" src=\"https:\/\/themexicopost.com\/wp-content\/uploads\/2023\/04\/mueren-1024x683.jpg\" alt=\"\" class=\"wp-image-7996\" srcset=\"https:\/\/themexicopost.com\/wp-content\/uploads\/2023\/04\/mueren-1024x683.jpg 1024w, https:\/\/themexicopost.com\/wp-content\/uploads\/2023\/04\/mueren-300x200.jpg 300w, https:\/\/themexicopost.com\/wp-content\/uploads\/2023\/04\/mueren-768x512.jpg 768w, https:\/\/themexicopost.com\/wp-content\/uploads\/2023\/04\/mueren-330x220.jpg 330w, https:\/\/themexicopost.com\/wp-content\/uploads\/2023\/04\/mueren-420x280.jpg 420w, https:\/\/themexicopost.com\/wp-content\/uploads\/2023\/04\/mueren-615x410.jpg 615w, https:\/\/themexicopost.com\/wp-content\/uploads\/2023\/04\/mueren-860x573.jpg 860w, https:\/\/themexicopost.com\/wp-content\/uploads\/2023\/04\/mueren.jpg 1200w\" sizes=\"(max-width: 1024px) 100vw, 1024px\" \/><\/figure>\n\n\n\n<p class=\"wp-block-paragraph\">La Fiscal\u00eda ha confirmado por su parte cuatro muertos, un herido y ocho personas que salieron ilesas del suceso y contin\u00faan buscando a posibles supervivientes. Las circunstancias exactas a\u00fan no se han aclarado. \u201cCorresponder\u00e1 a la investigaci\u00f3n judicial determinarlas\u201d, dijo la Fiscal\u00eda.<br><\/p>\n\n\n\n<p class=\"wp-block-paragraph\">Dos helic\u00f3pteros y m\u00e1s de 20 rescatistas han sido movilizados en las labores de b\u00fasqueda.<br><\/p>\n\n\n\n<p class=\"wp-block-paragraph\">Los Alpes son un lugar de vacaciones privilegiado durante el largo fin de semana de Pascua en Francia.<br><\/p>\n\n\n\n<p class=\"wp-block-paragraph\">La estaci\u00f3n de radio local France-Bleu calcul\u00f3 el tama\u00f1o de la avalancha en 1.000 metros de largo y 100 metros de ancho. Se enviaron dos helic\u00f3pteros para ayudar en la b\u00fasqueda, dijo la estaci\u00f3n, citando a la prefectura local en Thonon.<br><\/p>\n\n\n\n<p class=\"wp-block-paragraph\">El lugar donde tuvo lugar el corrimiento de nieve est\u00e1 situado en el macizo del Mont Blanc.<\/p>\n","protected":false},"excerpt":{"rendered":"<p>El desprendimiento ocurri\u00f3 en el glaciar de Armancette. Las autoridades indicaron que el balance es a\u00fan provisional. Una avalancha en los Alpes franceses mat\u00f3 a cuatro personas el domingo, dijo el ministro del Interior de Francia, y calific\u00f3 el n\u00famero de muertos como un recuento provisional. La avalancha descendi\u00f3 por el glaciar Armancette en Contamines-Montjoie, [&hellip;]<\/p>\n","protected":false},"author":1,"featured_media":7995,"comment_status":"closed","ping_status":"closed","sticky":false,"template":"","format":"standard","meta":{"footnotes":""},"categories":[80],"tags":[],"class_list":["post-7994","post","type-post","status-publish","format-standard","has-post-thumbnail","hentry","category-mundo"],"_links":{"self":[{"href":"https:\/\/themexicopost.com\/index.php?rest_route=\/wp\/v2\/posts\/7994","targetHints":{"allow":["GET"]}}],"collection":[{"href":"https:\/\/themexicopost.com\/index.php?rest_route=\/wp\/v2\/posts"}],"about":[{"href":"https:\/\/themexicopost.com\/index.php?rest_route=\/wp\/v2\/types\/post"}],"author":[{"embeddable":true,"href":"https:\/\/themexicopost.com\/index.php?rest_route=\/wp\/v2\/users\/1"}],"replies":[{"embeddable":true,"href":"https:\/\/themexicopost.com\/index.php?rest_route=%2Fwp%2Fv2%2Fcomments&post=7994"}],"version-history":[{"count":1,"href":"https:\/\/themexicopost.com\/index.php?rest_route=\/wp\/v2\/posts\/7994\/revisions"}],"predecessor-version":[{"id":7997,"href":"https:\/\/themexicopost.com\/index.php?rest_route=\/wp\/v2\/posts\/7994\/revisions\/7997"}],"wp:featuredmedia":[{"embeddable":true,"href":"https:\/\/themexicopost.com\/index.php?rest_route=\/wp\/v2\/media\/7995"}],"wp:attachment":[{"href":"https:\/\/themexicopost.com\/index.php?rest_route=%2Fwp%2Fv2%2Fmedia&parent=7994"}],"wp:term":[{"taxonomy":"category","embeddable":true,"href":"https:\/\/themexicopost.com\/index.php?rest_route=%2Fwp%2Fv2%2Fcategories&post=7994"},{"taxonomy":"post_tag","embeddable":true,"href":"https:\/\/themexicopost.com\/index.php?rest_route=%2Fwp%2Fv2%2Ftags&post=7994"}],"curies":[{"name":"wp","href":"https:\/\/api.w.org\/{rel}","templated":true}]}}