{"id":7998,"date":"2023-04-10T14:59:10","date_gmt":"2023-04-10T14:59:10","guid":{"rendered":"https:\/\/themexicopost.com\/?p=7998"},"modified":"2023-04-10T14:59:12","modified_gmt":"2023-04-10T14:59:12","slug":"medicos-en-reino-unido-realizaran-huelga-que-impactara-la-seguridad-de-los-pacientes","status":"publish","type":"post","link":"https:\/\/themexicopost.com\/?p=7998","title":{"rendered":"M\u00e9dicos en Reino Unido realizar\u00e1n huelga que impactar\u00e1 la seguridad de los pacientes"},"content":{"rendered":"\n<figure class=\"wp-block-pullquote\"><blockquote><p>Los trabajadores del sector llevan semanas reclamando un aumento salarial que vaya en l\u00ednea con la inflaci\u00f3n del pa\u00eds.<\/p><\/blockquote><\/figure>\n\n\n\n<p class=\"has-drop-cap wp-block-paragraph\">Miles de m\u00e9dicos en el Reino Unido han advertido que la semana entrante llevar\u00e1n a cabo una huelga de cuatro d\u00edas, que afectar\u00e1 seriamente a la sociedad.<br><\/p>\n\n\n\n<p class=\"wp-block-paragraph\">La doctora Layla McCay, directora de pol\u00edticas de la Confederaci\u00f3n del Servicio Nacional de Salud (NHS por sus siglas en ingl\u00e9s) adelant\u00f3 que esta medida de fuerza podr\u00eda tener un impacto mucho mayor que el de la realizada el mes pasado -que dur\u00f3 tres d\u00edas-.<br><\/p>\n\n\n\n<p class=\"wp-block-paragraph\">En aquella oportunidad unas 175.000 citas y procedimientos debieron ser aplazadas ante el cese de actividades de los m\u00e9dicos junior mientras que, en la huelga que se avecina, la cifra se elevar\u00eda a los cuatro millones.<br><\/p>\n\n\n\n<p class=\"wp-block-paragraph\">La medida de fuerza anunciada comenzar\u00e1 el martes y estar\u00e1 encabezada por los j\u00f3venes profesionales que llevan largo tiempo reclamando y buscando que el Ejecutivo se siente en la mesa de negociaciones.<br><\/p>\n\n\n\n<p class=\"wp-block-paragraph\">En medio de la crisis del costo de vida impulsada por los fuertes aumentos en los precios de los alimentos y la energ\u00eda, la poblaci\u00f3n ha tenido que batallar para pagar sus cuentas ya que los salarios sindicales han ca\u00eddo en t\u00e9rminos reales durante la \u00faltima d\u00e9cada.<br><\/p>\n\n\n\n<p class=\"wp-block-paragraph\">Puntualmente, la Asociaci\u00f3n M\u00e9dica Brit\u00e1nica inform\u00f3 que los m\u00e9dicos j\u00f3venes han sido de los m\u00e1s perjudicados ya que han perdido m\u00e1s del 26% de sus sueldos en t\u00e9rminos reales durante los \u00faltimos 15 a\u00f1os.<br><\/p>\n\n\n\n<p class=\"wp-block-paragraph\">Es por ello que los empleados exigen aumentos en sus remuneraciones que sean razonables y permitan compensar la inflaci\u00f3n, que supera el 10% seg\u00fan las \u00faltimas cifras oficiales.<br><\/p>\n\n\n\n<p class=\"wp-block-paragraph\">Este reclamo se ha extendido a varios sectores p\u00fablicos en el pa\u00eds, que han llevado adelante sus propios paros.<br><\/p>\n\n\n\n<p class=\"wp-block-paragraph\">La semana pasada los trabajadores de la oficina de pasaportes iniciaron una huelga de cinco semanas y los agentes de seguridad del aeropuerto internacional londinense Heathrow se ausentaron del trabajo durante 10 d\u00edas.<br><\/p>\n\n\n\n<p class=\"wp-block-paragraph\">Tambi\u00e9n, los conductores de trenes y autobuses, trabajadores postales, conductores de ambulancias y enfermeras, y hasta maestros encabezaron estos reclamos.<br><\/p>\n\n\n\n<p class=\"wp-block-paragraph\">Inclusive, a principios de febrero, medio mill\u00f3n de trabajadores -entre los que hab\u00eda profesores, personal universitario y conductores de transporte p\u00fablico- llevaron a cabo la mayor huelga en una d\u00e9cada en el pa\u00eds.<br><\/p>\n\n\n\n<p class=\"wp-block-paragraph\">Este episodio oblig\u00f3 a miles de establecimientos a cerrar y cientos de pasajeros sufrieron demoras de trenes y buses, lo que deriv\u00f3 en que muchas personas debieran tomarse el d\u00eda o recurrir al teletrabajo.<br><\/p>\n\n\n\n<p class=\"wp-block-paragraph\">Sin embargo, no parece haber causado el efecto deseado ya que los \u00faltimos d\u00edas los maestros se reunieron con el gabinete del primer ministro Rishi Sunak para negociar un aumento pero rechazaron la propuesta que les fue ofrecida ya que la catalogaron como \u201cinaceptable\u201d.<br><\/p>\n\n\n\n<p class=\"wp-block-paragraph\">Ante esto, amenazaron nuevamente con organizar huelgas el pr\u00f3ximo 27 de abril y 2 de mayo, afectando a\u00fan m\u00e1s a padres y alumnos.<\/p>\n","protected":false},"excerpt":{"rendered":"<p>Los trabajadores del sector llevan semanas reclamando un aumento salarial que vaya en l\u00ednea con la inflaci\u00f3n del pa\u00eds. Miles de m\u00e9dicos en el Reino Unido han advertido que la semana entrante llevar\u00e1n a cabo una huelga de cuatro d\u00edas, que afectar\u00e1 seriamente a la sociedad. La doctora Layla McCay, directora de pol\u00edticas de la [&hellip;]<\/p>\n","protected":false},"author":1,"featured_media":7999,"comment_status":"closed","ping_status":"closed","sticky":false,"template":"","format":"standard","meta":{"footnotes":""},"categories":[80],"tags":[],"class_list":["post-7998","post","type-post","status-publish","format-standard","has-post-thumbnail","hentry","category-mundo"],"_links":{"self":[{"href":"https:\/\/themexicopost.com\/index.php?rest_route=\/wp\/v2\/posts\/7998","targetHints":{"allow":["GET"]}}],"collection":[{"href":"https:\/\/themexicopost.com\/index.php?rest_route=\/wp\/v2\/posts"}],"about":[{"href":"https:\/\/themexicopost.com\/index.php?rest_route=\/wp\/v2\/types\/post"}],"author":[{"embeddable":true,"href":"https:\/\/themexicopost.com\/index.php?rest_route=\/wp\/v2\/users\/1"}],"replies":[{"embeddable":true,"href":"https:\/\/themexicopost.com\/index.php?rest_route=%2Fwp%2Fv2%2Fcomments&post=7998"}],"version-history":[{"count":1,"href":"https:\/\/themexicopost.com\/index.php?rest_route=\/wp\/v2\/posts\/7998\/revisions"}],"predecessor-version":[{"id":8000,"href":"https:\/\/themexicopost.com\/index.php?rest_route=\/wp\/v2\/posts\/7998\/revisions\/8000"}],"wp:featuredmedia":[{"embeddable":true,"href":"https:\/\/themexicopost.com\/index.php?rest_route=\/wp\/v2\/media\/7999"}],"wp:attachment":[{"href":"https:\/\/themexicopost.com\/index.php?rest_route=%2Fwp%2Fv2%2Fmedia&parent=7998"}],"wp:term":[{"taxonomy":"category","embeddable":true,"href":"https:\/\/themexicopost.com\/index.php?rest_route=%2Fwp%2Fv2%2Fcategories&post=7998"},{"taxonomy":"post_tag","embeddable":true,"href":"https:\/\/themexicopost.com\/index.php?rest_route=%2Fwp%2Fv2%2Ftags&post=7998"}],"curies":[{"name":"wp","href":"https:\/\/api.w.org\/{rel}","templated":true}]}}