{"id":80020,"date":"2026-04-22T06:54:27","date_gmt":"2026-04-22T12:54:27","guid":{"rendered":"https:\/\/themexicopost.com\/?p=80020"},"modified":"2026-04-22T06:54:36","modified_gmt":"2026-04-22T12:54:36","slug":"senado-recibe-el-plan-estrategico-de-procuracion-de-justicia-2026-2029-de-la-fgr","status":"publish","type":"post","link":"https:\/\/themexicopost.com\/?p=80020","title":{"rendered":"Senado recibe el Plan Estrat\u00e9gico de Procuraci\u00f3n de Justicia 2026-2029 de la FGR"},"content":{"rendered":"\n<figure class=\"wp-block-pullquote\"><blockquote><p>El documento plantea una transformaci\u00f3n de fondo basada en evidencia, resultados y coordinaci\u00f3n institucional<\/p><\/blockquote><\/figure>\n\n\n\n<p class=\"has-drop-cap\">El Senado de la Rep\u00fablica recibi\u00f3 el Plan Estrat\u00e9gico de Procuraci\u00f3n de Justicia 2026-2029, elaborado por la Fiscal\u00eda General de la Rep\u00fablica, encabezada por Ernestina Godoy Ramos, con el objetivo de consolidar una instituci\u00f3n basada en evidencia, priorizaci\u00f3n y resultados.<br><\/p>\n\n\n\n<p>La presidenta en turno de la Mesa Directiva, Ver\u00f3nica Noem\u00ed Camino Farjat, inform\u00f3 al Pleno que el documento fue turnado a la Comisi\u00f3n de Justicia desde el pasado 16 de abril para su an\u00e1lisis.<br><\/p>\n\n\n\n<p>El Plan destaca que, tras un diagn\u00f3stico institucional, se identific\u00f3 la necesidad de impulsar un cambio de fondo en la procuraci\u00f3n de justicia, no solo en procedimientos, sino en la visi\u00f3n integral de la funci\u00f3n ministerial.<br><\/p>\n\n\n\n<p>En este sentido, subraya que la labor de la Fiscal\u00eda incide directamente en la gobernabilidad del pa\u00eds, lo que obliga a actuar con profesionalismo, transparencia, imparcialidad y eficiencia, a fin de poner las herramientas institucionales al servicio de la ciudadan\u00eda.<br><\/p>\n\n\n\n<p>El documento plantea una instituci\u00f3n acorde a los retos actuales, enfocada en investigaciones cient\u00edficas y multidisciplinarias, as\u00ed como en la coordinaci\u00f3n obligatoria con otras instancias de seguridad y justicia, en atenci\u00f3n a las demandas de v\u00edctimas, familias y sociedad.<br><\/p>\n\n\n\n<p>Para ello, propone el desarrollo de un nuevo Modelo de Investigaci\u00f3n e Inteligencia sustentado en el uso de la ciencia, la tecnolog\u00eda y el an\u00e1lisis estrat\u00e9gico, con el objetivo de fortalecer la eficacia en el combate a la impunidad.<br><\/p>\n\n\n\n<p>Entre los ejes estrat\u00e9gicos destacan la reestructuraci\u00f3n de la Fiscal\u00eda para garantizar una administraci\u00f3n eficiente, transparente y orientada al servicio del pueblo; la coordinaci\u00f3n con fiscal\u00edas locales y autoridades del Gabinete de Seguridad; y el fortalecimiento de las fiscal\u00edas en las entidades federativas.<br><\/p>\n\n\n\n<p>Asimismo, contempla la modernizaci\u00f3n de la Agencia de Investigaci\u00f3n Criminal, la priorizaci\u00f3n de delitos de alto impacto, y la implementaci\u00f3n de estrategias nacionales para atender problem\u00e1ticas como la extorsi\u00f3n, la b\u00fasqueda de personas y la violencia contra las mujeres.<br><\/p>\n\n\n\n<p>El Plan tambi\u00e9n coloca a las v\u00edctimas en el centro de la actuaci\u00f3n institucional, adem\u00e1s de reforzar el combate a la corrupci\u00f3n y los mecanismos de rendici\u00f3n de cuentas.<br><\/p>\n\n\n\n<p>\u201cSolo mediante la aplicaci\u00f3n firme y humana de la ley lograremos transformar la incertidumbre en el estado de derecho que nuestra naci\u00f3n demanda. La procuraci\u00f3n de justicia no puede esperar\u201d, enfatiza el documento.<\/p>\n","protected":false},"excerpt":{"rendered":"<p>El documento plantea una transformaci\u00f3n de fondo basada en evidencia, resultados y coordinaci\u00f3n institucional El Senado de la Rep\u00fablica recibi\u00f3 el Plan Estrat\u00e9gico de Procuraci\u00f3n de Justicia 2026-2029, elaborado por la Fiscal\u00eda General de la Rep\u00fablica, encabezada por Ernestina Godoy Ramos, con el objetivo de consolidar una instituci\u00f3n basada en evidencia, priorizaci\u00f3n y resultados. La [&hellip;]<\/p>\n","protected":false},"author":1,"featured_media":80025,"comment_status":"closed","ping_status":"closed","sticky":false,"template":"","format":"standard","meta":{"footnotes":""},"categories":[83,81],"tags":[],"class_list":["post-80020","post","type-post","status-publish","format-standard","has-post-thumbnail","hentry","category-destacado","category-nacional"],"_links":{"self":[{"href":"https:\/\/themexicopost.com\/index.php?rest_route=\/wp\/v2\/posts\/80020","targetHints":{"allow":["GET"]}}],"collection":[{"href":"https:\/\/themexicopost.com\/index.php?rest_route=\/wp\/v2\/posts"}],"about":[{"href":"https:\/\/themexicopost.com\/index.php?rest_route=\/wp\/v2\/types\/post"}],"author":[{"embeddable":true,"href":"https:\/\/themexicopost.com\/index.php?rest_route=\/wp\/v2\/users\/1"}],"replies":[{"embeddable":true,"href":"https:\/\/themexicopost.com\/index.php?rest_route=%2Fwp%2Fv2%2Fcomments&post=80020"}],"version-history":[{"count":1,"href":"https:\/\/themexicopost.com\/index.php?rest_route=\/wp\/v2\/posts\/80020\/revisions"}],"predecessor-version":[{"id":80026,"href":"https:\/\/themexicopost.com\/index.php?rest_route=\/wp\/v2\/posts\/80020\/revisions\/80026"}],"wp:featuredmedia":[{"embeddable":true,"href":"https:\/\/themexicopost.com\/index.php?rest_route=\/wp\/v2\/media\/80025"}],"wp:attachment":[{"href":"https:\/\/themexicopost.com\/index.php?rest_route=%2Fwp%2Fv2%2Fmedia&parent=80020"}],"wp:term":[{"taxonomy":"category","embeddable":true,"href":"https:\/\/themexicopost.com\/index.php?rest_route=%2Fwp%2Fv2%2Fcategories&post=80020"},{"taxonomy":"post_tag","embeddable":true,"href":"https:\/\/themexicopost.com\/index.php?rest_route=%2Fwp%2Fv2%2Ftags&post=80020"}],"curies":[{"name":"wp","href":"https:\/\/api.w.org\/{rel}","templated":true}]}}