{"id":80066,"date":"2026-04-22T07:15:58","date_gmt":"2026-04-22T13:15:58","guid":{"rendered":"https:\/\/themexicopost.com\/?p=80066"},"modified":"2026-04-22T07:16:00","modified_gmt":"2026-04-22T13:16:00","slug":"motin-en-carcel-de-venezuela-deja-al-menos-cinco-heridos","status":"publish","type":"post","link":"https:\/\/themexicopost.com\/?p=80066","title":{"rendered":"Mot\u00edn en c\u00e1rcel de Venezuela deja al menos cinco heridos"},"content":{"rendered":"\n<figure class=\"wp-block-pullquote\"><blockquote><p>Las autoridades dijeron que el mot\u00edn deriv\u00f3 de una ri\u00f1a entre varios reclusos del penal de m\u00e1xima seguridad de Yare III.<\/p><\/blockquote><\/figure>\n\n\n\n<p class=\"has-drop-cap\">Cinco presos murieron durante un mot\u00edn en la c\u00e1rcel de Yare, ubicada en el estado Miranda, en el norte de Venezuela, inform\u00f3 el Ministerio del Servicio Penitenciario, despu\u00e9s de que familiares y ONG denunciaran una situaci\u00f3n irregular en ese centro.<br><\/p>\n\n\n\n<p>La entidad detall\u00f3 que se suscit\u00f3 una ri\u00f1a entre privados de libertad que devino en un mot\u00edn en el Centro Penitenciario Regi\u00f3n Capital Yare IlI, un establecimiento de m\u00e1xima seguridad destinado al resguardo de miembros de bandas criminales.<br><\/p>\n\n\n\n<p>Adem\u00e1s, identific\u00f3 a los fallecidos como Keivin Matamoros, Eliecer C\u00f3rdaba, Erkin Ramos, Jos\u00e9 Andrade y Jean Carlos Jim\u00e9nez.<br><\/p>\n\n\n\n<p>&#8220;El Ministerio P\u00fablico ha iniciado una investigaci\u00f3n a fin de determinar las circunstancias exactas de lo ocurrido&#8221;, reiter\u00f3 el despacho del Servicio Penitenciario en su comunicado.<br><\/p>\n\n\n\n<p>La ONG Observatorio Venezolano de Prisiones (OVP) denunci\u00f3 en X una situaci\u00f3n irregular en el recinto y la suspensi\u00f3n de visitas de familiares, sin ninguna explicaci\u00f3n.<br><\/p>\n\n\n\n<p>El OVP indic\u00f3 que hab\u00eda rumores de supuestos traslados o de un presunto mot\u00edn y report\u00f3 la presencia de ambulancias.<br><\/p>\n\n\n\n<p>La ONG hab\u00eda pedido en su pronunciamiento del lunes que se informara sobre lo ocurrido y public\u00f3 un v\u00eddeo de familiares gritando: &#8220;\u00a1Queremos visita!&#8221;.<br><\/p>\n\n\n\n<p>&#8220;La desinformaci\u00f3n del r\u00e9gimen de Delcy Rodr\u00edguez es recurrente y da pie a que parientes permanezcan en zozobra (\u2026). Esto tambi\u00e9n es tortura hacia los seres queridos de los privados de libertad&#8221;, a\u00f1adi\u00f3 el OVP.<\/p>\n","protected":false},"excerpt":{"rendered":"<p>Las autoridades dijeron que el mot\u00edn deriv\u00f3 de una ri\u00f1a entre varios reclusos del penal de m\u00e1xima seguridad de Yare III. Cinco presos murieron durante un mot\u00edn en la c\u00e1rcel de Yare, ubicada en el estado Miranda, en el norte de Venezuela, inform\u00f3 el Ministerio del Servicio Penitenciario, despu\u00e9s de que familiares y ONG denunciaran [&hellip;]<\/p>\n","protected":false},"author":1,"featured_media":80070,"comment_status":"closed","ping_status":"closed","sticky":false,"template":"","format":"standard","meta":{"footnotes":""},"categories":[80],"tags":[],"class_list":["post-80066","post","type-post","status-publish","format-standard","has-post-thumbnail","hentry","category-mundo"],"_links":{"self":[{"href":"https:\/\/themexicopost.com\/index.php?rest_route=\/wp\/v2\/posts\/80066","targetHints":{"allow":["GET"]}}],"collection":[{"href":"https:\/\/themexicopost.com\/index.php?rest_route=\/wp\/v2\/posts"}],"about":[{"href":"https:\/\/themexicopost.com\/index.php?rest_route=\/wp\/v2\/types\/post"}],"author":[{"embeddable":true,"href":"https:\/\/themexicopost.com\/index.php?rest_route=\/wp\/v2\/users\/1"}],"replies":[{"embeddable":true,"href":"https:\/\/themexicopost.com\/index.php?rest_route=%2Fwp%2Fv2%2Fcomments&post=80066"}],"version-history":[{"count":1,"href":"https:\/\/themexicopost.com\/index.php?rest_route=\/wp\/v2\/posts\/80066\/revisions"}],"predecessor-version":[{"id":80071,"href":"https:\/\/themexicopost.com\/index.php?rest_route=\/wp\/v2\/posts\/80066\/revisions\/80071"}],"wp:featuredmedia":[{"embeddable":true,"href":"https:\/\/themexicopost.com\/index.php?rest_route=\/wp\/v2\/media\/80070"}],"wp:attachment":[{"href":"https:\/\/themexicopost.com\/index.php?rest_route=%2Fwp%2Fv2%2Fmedia&parent=80066"}],"wp:term":[{"taxonomy":"category","embeddable":true,"href":"https:\/\/themexicopost.com\/index.php?rest_route=%2Fwp%2Fv2%2Fcategories&post=80066"},{"taxonomy":"post_tag","embeddable":true,"href":"https:\/\/themexicopost.com\/index.php?rest_route=%2Fwp%2Fv2%2Ftags&post=80066"}],"curies":[{"name":"wp","href":"https:\/\/api.w.org\/{rel}","templated":true}]}}