{"id":80075,"date":"2026-04-22T07:19:07","date_gmt":"2026-04-22T13:19:07","guid":{"rendered":"https:\/\/themexicopost.com\/?p=80075"},"modified":"2026-04-22T07:19:14","modified_gmt":"2026-04-22T13:19:14","slug":"aprueba-reino-unido-ley-que-prohibe-fumar-a-los-nacidos-despues-de-2008","status":"publish","type":"post","link":"https:\/\/themexicopost.com\/?p=80075","title":{"rendered":"Aprueba Reino Unido ley que proh\u00edbe fumar a los nacidos despu\u00e9s de 2008"},"content":{"rendered":"\n<figure class=\"wp-block-pullquote\"><blockquote><p>La aprobaci\u00f3n es un momento hist\u00f3rico para el pa\u00eds, que proteger\u00e1 a sus ciudadanos de la adicci\u00f3n y el da\u00f1o que estos productos generan.<\/p><\/blockquote><\/figure>\n\n\n\n<p class=\"has-drop-cap\">A partir del pr\u00f3ximo a\u00f1o, las personas nacidas en el Reino Unido despu\u00e9s del 1 de enero de 2009 se enfrentar\u00e1n a una prohibici\u00f3n de por vida para comprar productos de tabaco despu\u00e9s de que el Parlamento brit\u00e1nico ultimase este martes un proyecto de ley al que calific\u00f3 de hist\u00f3rico.<br><\/p>\n\n\n\n<p>La C\u00e1mara de los Comunes (baja) y la C\u00e1mara de los Lores (alta) acordaron el borrador final de la legislaci\u00f3n para Inglaterra y Gales, con lo cual se completa su tr\u00e1mite parlamentario y le falta recibir la sanci\u00f3n formal del rey.<br><\/p>\n\n\n\n<p>Esta ley impedir\u00e1 que las personas actualmente menores de 17 a\u00f1os puedan empezar a fumar, convirtiendo en ilegal la venta de productos de tabaco en establecimientos a quienes hayan nacido despu\u00e9s de 2008.<br><\/p>\n\n\n\n<p>Francia prohibir\u00e1 fumar en parques, playas y alrededor de escuelas para proteger a j\u00f3venes<br><\/p>\n\n\n\n<p>El ministro brit\u00e1nico de Salud, Wes Streeting, asegur\u00f3 que se trataba de un momento hist\u00f3rico para el pa\u00eds y agreg\u00f3: &#8220;Los ni\u00f1os del Reino Unido ser\u00e1n parte de la primera generaci\u00f3n libre de humo, protegidos de toda una vida de adicci\u00f3n y da\u00f1o&#8221;.<br><\/p>\n\n\n\n<p>La legislaci\u00f3n tambi\u00e9n otorgar\u00e1 nuevas facultades al gobierno brit\u00e1nico para regular los productos de tabaco, vapeo y nicotina, incluida la publicidad, los sabores y sus envases.<br><\/p>\n\n\n\n<p>Tambi\u00e9n se prohibir\u00e1 vapear en los coches que transporten ni\u00f1os, en parques infantiles o en las inmediaciones de colegios y hospitales.<br><\/p>\n\n\n\n<p>La prohibici\u00f3n de fumar a los menores de 17 a\u00f1os ha sido recibida con satisfacci\u00f3n por las principales asociaciones contra el tabaquismo del pa\u00eds, aunque ha sido criticada por algunos de los partidos de la oposici\u00f3n, entre dudas por su dif\u00edcil puesta en pr\u00e1ctica.<br><\/p>\n\n\n\n<p>Desde Cancer Research UK tambi\u00e9n dijeron que la ley supon\u00eda un logro hist\u00f3rico que ayudar\u00eda, adem\u00e1s, a poner fin a los c\u00e1nceres causados por el tabaquismo.<br><\/p>\n\n\n\n<p>Sin embargo, el l\u00edder del partido populista de derechas Reform UK, Nigel Farage, prometi\u00f3 el mes pasado en un art\u00edculo de opini\u00f3n que, de ganar las pr\u00f3ximas elecciones generales en 2029 derogar\u00eda esta ley por considerarla idiota.<\/p>\n","protected":false},"excerpt":{"rendered":"<p>La aprobaci\u00f3n es un momento hist\u00f3rico para el pa\u00eds, que proteger\u00e1 a sus ciudadanos de la adicci\u00f3n y el da\u00f1o que estos productos generan. A partir del pr\u00f3ximo a\u00f1o, las personas nacidas en el Reino Unido despu\u00e9s del 1 de enero de 2009 se enfrentar\u00e1n a una prohibici\u00f3n de por vida para comprar productos de [&hellip;]<\/p>\n","protected":false},"author":1,"featured_media":80079,"comment_status":"closed","ping_status":"closed","sticky":false,"template":"","format":"standard","meta":{"footnotes":""},"categories":[83,80,85],"tags":[],"class_list":["post-80075","post","type-post","status-publish","format-standard","has-post-thumbnail","hentry","category-destacado","category-mundo","category-portada"],"_links":{"self":[{"href":"https:\/\/themexicopost.com\/index.php?rest_route=\/wp\/v2\/posts\/80075","targetHints":{"allow":["GET"]}}],"collection":[{"href":"https:\/\/themexicopost.com\/index.php?rest_route=\/wp\/v2\/posts"}],"about":[{"href":"https:\/\/themexicopost.com\/index.php?rest_route=\/wp\/v2\/types\/post"}],"author":[{"embeddable":true,"href":"https:\/\/themexicopost.com\/index.php?rest_route=\/wp\/v2\/users\/1"}],"replies":[{"embeddable":true,"href":"https:\/\/themexicopost.com\/index.php?rest_route=%2Fwp%2Fv2%2Fcomments&post=80075"}],"version-history":[{"count":1,"href":"https:\/\/themexicopost.com\/index.php?rest_route=\/wp\/v2\/posts\/80075\/revisions"}],"predecessor-version":[{"id":80080,"href":"https:\/\/themexicopost.com\/index.php?rest_route=\/wp\/v2\/posts\/80075\/revisions\/80080"}],"wp:featuredmedia":[{"embeddable":true,"href":"https:\/\/themexicopost.com\/index.php?rest_route=\/wp\/v2\/media\/80079"}],"wp:attachment":[{"href":"https:\/\/themexicopost.com\/index.php?rest_route=%2Fwp%2Fv2%2Fmedia&parent=80075"}],"wp:term":[{"taxonomy":"category","embeddable":true,"href":"https:\/\/themexicopost.com\/index.php?rest_route=%2Fwp%2Fv2%2Fcategories&post=80075"},{"taxonomy":"post_tag","embeddable":true,"href":"https:\/\/themexicopost.com\/index.php?rest_route=%2Fwp%2Fv2%2Ftags&post=80075"}],"curies":[{"name":"wp","href":"https:\/\/api.w.org\/{rel}","templated":true}]}}