{"id":80081,"date":"2026-04-22T07:21:15","date_gmt":"2026-04-22T13:21:15","guid":{"rendered":"https:\/\/themexicopost.com\/?p=80081"},"modified":"2026-04-22T07:21:22","modified_gmt":"2026-04-22T13:21:22","slug":"una-mujer-al-frente-de-la-onu-daria-esperanza-bachelet","status":"publish","type":"post","link":"https:\/\/themexicopost.com\/?p=80081","title":{"rendered":"&#8220;Una mujer al frente de la ONU dar\u00eda esperanza&#8221;: Bachelet"},"content":{"rendered":"\n<figure class=\"wp-block-pullquote\"><blockquote><p>La candidata a secretaria general pidi\u00f3 reconstruir la confianza en la ONU, en un mundo atravesado por guerras.<\/p><\/blockquote><\/figure>\n\n\n\n<p class=\"has-drop-cap\">La expresidenta chilena Michelle Bachelet, candidata a secretaria general de la ONU, dijo que espera que el mundo est\u00e9 por fin preparado para tener a una mujer en ese cargo.<br><\/p>\n\n\n\n<p>Desde la creaci\u00f3n de las Naciones Unidas al t\u00e9rmino de la Segunda Guerra Mundial, los nueve secretarios generales han sido hombres, y desde hace varios a\u00f1os numerosos pa\u00edses abogan por el nombramiento de una mujer.<br><\/p>\n\n\n\n<p>En 2016, pese a haber varias candidatas, Antonio Guterres gan\u00f3 la contienda.<br><\/p>\n\n\n\n<p>&#8220;Si soy cort\u00e9s, dir\u00eda que el mundo no estaba preparado. \u00bfLo est\u00e1 ahora? Eso espero&#8221;, declar\u00f3 Bachelet a periodistas al t\u00e9rmino de tres horas de audiencia ante los Estados miembros.<br><\/p>\n\n\n\n<p>En un mundo atravesado por guerras, la candidata pidi\u00f3 ante los Estados miembros reconstruir la confianza en la ONU, en particular dando continuidad a la reforma de la organizaci\u00f3n, sumida en plena crisis pol\u00edtica y financiera.<br><\/p>\n\n\n\n<p>Tambi\u00e9n abog\u00f3 por un secretario general muy presente en el terreno, que sea la voz de la moral y capaz de decir lo que piensa incluso bajo la presi\u00f3n de los Estados poderosos.<br><\/p>\n\n\n\n<p>Aunque la desconfianza hacia la ONU se ilustra a menudo con la par\u00e1lisis del Consejo de Seguridad en numerosos asuntos candentes, Bachelet reconoci\u00f3 que no ten\u00eda una f\u00f3rmula para cambiar las cosas.<br><\/p>\n\n\n\n<p>&#8220;No tengo una poci\u00f3n m\u00e1gica que pueda dar a los Estados miembros, y en particular a los 5P (los cinco miembros permanentes del Consejo de Seguridad), para que se la beban y todos se vuelvan amigos&#8221;, declar\u00f3 ante la prensa.<br><\/p>\n\n\n\n<p>Otros dos latinoamericanos y un africano aspiran a obtener lo que la presidenta de la Asamblea General, Annalena Baerbock, ha descrito como uno de los trabajos m\u00e1s duros del mundo.<\/p>\n","protected":false},"excerpt":{"rendered":"<p>La candidata a secretaria general pidi\u00f3 reconstruir la confianza en la ONU, en un mundo atravesado por guerras. La expresidenta chilena Michelle Bachelet, candidata a secretaria general de la ONU, dijo que espera que el mundo est\u00e9 por fin preparado para tener a una mujer en ese cargo. Desde la creaci\u00f3n de las Naciones Unidas [&hellip;]<\/p>\n","protected":false},"author":1,"featured_media":80085,"comment_status":"closed","ping_status":"closed","sticky":false,"template":"","format":"standard","meta":{"footnotes":""},"categories":[83,80,85],"tags":[],"class_list":["post-80081","post","type-post","status-publish","format-standard","has-post-thumbnail","hentry","category-destacado","category-mundo","category-portada"],"_links":{"self":[{"href":"https:\/\/themexicopost.com\/index.php?rest_route=\/wp\/v2\/posts\/80081","targetHints":{"allow":["GET"]}}],"collection":[{"href":"https:\/\/themexicopost.com\/index.php?rest_route=\/wp\/v2\/posts"}],"about":[{"href":"https:\/\/themexicopost.com\/index.php?rest_route=\/wp\/v2\/types\/post"}],"author":[{"embeddable":true,"href":"https:\/\/themexicopost.com\/index.php?rest_route=\/wp\/v2\/users\/1"}],"replies":[{"embeddable":true,"href":"https:\/\/themexicopost.com\/index.php?rest_route=%2Fwp%2Fv2%2Fcomments&post=80081"}],"version-history":[{"count":1,"href":"https:\/\/themexicopost.com\/index.php?rest_route=\/wp\/v2\/posts\/80081\/revisions"}],"predecessor-version":[{"id":80086,"href":"https:\/\/themexicopost.com\/index.php?rest_route=\/wp\/v2\/posts\/80081\/revisions\/80086"}],"wp:featuredmedia":[{"embeddable":true,"href":"https:\/\/themexicopost.com\/index.php?rest_route=\/wp\/v2\/media\/80085"}],"wp:attachment":[{"href":"https:\/\/themexicopost.com\/index.php?rest_route=%2Fwp%2Fv2%2Fmedia&parent=80081"}],"wp:term":[{"taxonomy":"category","embeddable":true,"href":"https:\/\/themexicopost.com\/index.php?rest_route=%2Fwp%2Fv2%2Fcategories&post=80081"},{"taxonomy":"post_tag","embeddable":true,"href":"https:\/\/themexicopost.com\/index.php?rest_route=%2Fwp%2Fv2%2Ftags&post=80081"}],"curies":[{"name":"wp","href":"https:\/\/api.w.org\/{rel}","templated":true}]}}