{"id":80137,"date":"2026-04-23T07:17:04","date_gmt":"2026-04-23T13:17:04","guid":{"rendered":"https:\/\/themexicopost.com\/?p=80137"},"modified":"2026-04-23T07:17:09","modified_gmt":"2026-04-23T13:17:09","slug":"john-pelan-es-destituido-como-secretario-de-marina-de-eua","status":"publish","type":"post","link":"https:\/\/themexicopost.com\/?p=80137","title":{"rendered":"John Pelan es destituido como Secretario de Marina de EUA"},"content":{"rendered":"\n<figure class=\"wp-block-pullquote\"><blockquote><p>-Era el encargado de organizar, entrenar y equipar a las fuerzas navales de Estados Unidos.<\/p><\/blockquote><\/figure>\n\n\n\n<p class=\"has-drop-cap\">El secretario de Marina de Estados Unidos, John Phelan, fue destituido de su cargo, luego de varios meses de disputas internas reportadas con altos rangos del Pent\u00e1gono.<br><\/p>\n\n\n\n<p>Phelan, que era el encargado de organizar, entrenar y equipar a las fuerzas navales de Estados Unidos, fue cesado de su cargo, de acuerdo con el vocero del Departamento de Guerra, Sean Parnell.<br><\/p>\n\n\n\n<p>&#8220;En nombre del Secretario de Guerra y del Subsecretario de Guerra, agradecemos al Secretario Phelan su servicio al Departamento y a la Marina de los Estados Unidos&#8221;, dijo Parnell en su cuenta oficial de X.<br><\/p>\n\n\n\n<p>El lugar de Phelan ser\u00e1 asumido de forma interina por el subsecretario Hung Cao, de acuerdo con la misma fuente.<br><\/p>\n\n\n\n<p>Semanas atr\u00e1s, el New York Times report\u00f3 que Phelan ten\u00eda desacuerdos con el secretario de Guerra, Pete Hegseth, y el subsecretario de Defensa, Stephen Feinberg.<br><\/p>\n\n\n\n<p>El secretario de Marina no tiene incidencia directa en los operativos de combate de Estados Unidos, aunque se encarga de definir presupuestos, tecnolog\u00eda y log\u00edstica de desplazamiento.<\/p>\n","protected":false},"excerpt":{"rendered":"<p>-Era el encargado de organizar, entrenar y equipar a las fuerzas navales de Estados Unidos. El secretario de Marina de Estados Unidos, John Phelan, fue destituido de su cargo, luego de varios meses de disputas internas reportadas con altos rangos del Pent\u00e1gono. Phelan, que era el encargado de organizar, entrenar y equipar a las fuerzas [&hellip;]<\/p>\n","protected":false},"author":1,"featured_media":80141,"comment_status":"closed","ping_status":"closed","sticky":false,"template":"","format":"standard","meta":{"footnotes":""},"categories":[80],"tags":[],"class_list":["post-80137","post","type-post","status-publish","format-standard","has-post-thumbnail","hentry","category-mundo"],"_links":{"self":[{"href":"https:\/\/themexicopost.com\/index.php?rest_route=\/wp\/v2\/posts\/80137","targetHints":{"allow":["GET"]}}],"collection":[{"href":"https:\/\/themexicopost.com\/index.php?rest_route=\/wp\/v2\/posts"}],"about":[{"href":"https:\/\/themexicopost.com\/index.php?rest_route=\/wp\/v2\/types\/post"}],"author":[{"embeddable":true,"href":"https:\/\/themexicopost.com\/index.php?rest_route=\/wp\/v2\/users\/1"}],"replies":[{"embeddable":true,"href":"https:\/\/themexicopost.com\/index.php?rest_route=%2Fwp%2Fv2%2Fcomments&post=80137"}],"version-history":[{"count":1,"href":"https:\/\/themexicopost.com\/index.php?rest_route=\/wp\/v2\/posts\/80137\/revisions"}],"predecessor-version":[{"id":80142,"href":"https:\/\/themexicopost.com\/index.php?rest_route=\/wp\/v2\/posts\/80137\/revisions\/80142"}],"wp:featuredmedia":[{"embeddable":true,"href":"https:\/\/themexicopost.com\/index.php?rest_route=\/wp\/v2\/media\/80141"}],"wp:attachment":[{"href":"https:\/\/themexicopost.com\/index.php?rest_route=%2Fwp%2Fv2%2Fmedia&parent=80137"}],"wp:term":[{"taxonomy":"category","embeddable":true,"href":"https:\/\/themexicopost.com\/index.php?rest_route=%2Fwp%2Fv2%2Fcategories&post=80137"},{"taxonomy":"post_tag","embeddable":true,"href":"https:\/\/themexicopost.com\/index.php?rest_route=%2Fwp%2Fv2%2Ftags&post=80137"}],"curies":[{"name":"wp","href":"https:\/\/api.w.org\/{rel}","templated":true}]}}