{"id":80140,"date":"2026-04-23T07:17:59","date_gmt":"2026-04-23T13:17:59","guid":{"rendered":"https:\/\/themexicopost.com\/?p=80140"},"modified":"2026-04-23T07:18:07","modified_gmt":"2026-04-23T13:18:07","slug":"iran-continua-con-oleada-de-ejecuciones-contra-disidentes","status":"publish","type":"post","link":"https:\/\/themexicopost.com\/?p=80140","title":{"rendered":"Ir\u00e1n contin\u00faa con oleada de ejecuciones contra disidentes"},"content":{"rendered":"\n<figure class=\"wp-block-pullquote\"><blockquote><p>-Los ejecutados est\u00e1n acusados de espionaje por compartir im\u00e1genes a trav\u00e9s de Starlink.<\/p><\/blockquote><\/figure>\n\n\n\n<p class=\"has-drop-cap\">Ir\u00e1n ha intensificado la represi\u00f3n durante la guerra y la posterior tregua con Estados Unidos, con una oleada de ejecuciones y arrestos, denuncian los activistas, que piden que se incluyan los derechos humanos en las negociaciones.<br><\/p>\n\n\n\n<p>La tregua de dos semanas que el presidente estadounidense Donald Trump ha prolongado indefinidamente para favorecer el di\u00e1logo no ha supuesto ning\u00fan respiro en la represi\u00f3n.<br><\/p>\n\n\n\n<p>Casi a diario el r\u00e9gimen de los ayatol\u00e1s lleva a cabo ejecuciones en la horca de condenados considerados presos pol\u00edticos y personas detenidas a veces simplemente por haber enviado v\u00eddeos a un medio de comunicaci\u00f3n en el extranjero.<br><\/p>\n\n\n\n<p>Todo ello en un contexto de restricci\u00f3n de internet con un apag\u00f3n que, seg\u00fan el observatorio Netblocks, empez\u00f3 hace 53 d\u00edas.<br><\/p>\n\n\n\n<p>&#8220;La liberaci\u00f3n inmediata de todos los presos pol\u00edticos detenidos antes o despu\u00e9s del estallido de la guerra debe ser una condici\u00f3n fundamental de cualquier acuerdo con la rep\u00fablica isl\u00e1mica&#8221;, estima Mahmood Amiry-Moghaddam, director de la oeneg\u00e9 Iran Human Rights, con sede en Noruega.<br><\/p>\n\n\n\n<p>La organizaci\u00f3n afirm\u00f3 que al menos 3,646 personas han sido detenidas desde que estall\u00f3 la guerra el 28 de febrero. De ellas por lo menos 767 desde el comienzo del alto el fuego el 8 de abril.<br><\/p>\n\n\n\n<p>Los cargos incluyen espionaje, transmisi\u00f3n de im\u00e1genes o coordenadas de lugares a medios de comunicaci\u00f3n con sede en el extranjero, intento de establecer c\u00e9lulas operativas o posesi\u00f3n de un terminal de internet Starlink.<br><\/p>\n\n\n\n<p>Las autoridades tambi\u00e9n ejecutaron a un octavo hombre por las protestas antigubernamentales de enero pasado, que fueron reprimidas a sangre y fuego por las fuerzas de seguridad.<br><\/p>\n\n\n\n<p>Desde que se reanudaron las ejecuciones el 19 de marzo, las autoridades iran\u00edes tambi\u00e9n han ejecutado a ocho miembros del grupo opositor Muyahidines del Pueblo (MEK), prohibido en el pa\u00eds.<br><\/p>\n\n\n\n<p>Iran Human Rights teme que otros detenidos sigan la misma suerte dado que cientos de manifestantes se enfrentan actualmente a cargos que conllevan la pena capital, y al menos 30 ya han sido condenados a muerte.<br><\/p>\n\n\n\n<p>El jefe del poder judicial, Qolam Hosein Mohseni Eyei, orden\u00f3 juicios por v\u00eda r\u00e1pida para los detenidos por las protestas. Y el lunes dijo que aquellos considerados &#8220;colaboradores de un agresor hostil&#8221; ser\u00e1n tratados sin clemencia.<\/p>\n","protected":false},"excerpt":{"rendered":"<p>-Los ejecutados est\u00e1n acusados de espionaje por compartir im\u00e1genes a trav\u00e9s de Starlink. Ir\u00e1n ha intensificado la represi\u00f3n durante la guerra y la posterior tregua con Estados Unidos, con una oleada de ejecuciones y arrestos, denuncian los activistas, que piden que se incluyan los derechos humanos en las negociaciones. La tregua de dos semanas que [&hellip;]<\/p>\n","protected":false},"author":1,"featured_media":80144,"comment_status":"closed","ping_status":"closed","sticky":false,"template":"","format":"standard","meta":{"footnotes":""},"categories":[83,80],"tags":[],"class_list":["post-80140","post","type-post","status-publish","format-standard","has-post-thumbnail","hentry","category-destacado","category-mundo"],"_links":{"self":[{"href":"https:\/\/themexicopost.com\/index.php?rest_route=\/wp\/v2\/posts\/80140","targetHints":{"allow":["GET"]}}],"collection":[{"href":"https:\/\/themexicopost.com\/index.php?rest_route=\/wp\/v2\/posts"}],"about":[{"href":"https:\/\/themexicopost.com\/index.php?rest_route=\/wp\/v2\/types\/post"}],"author":[{"embeddable":true,"href":"https:\/\/themexicopost.com\/index.php?rest_route=\/wp\/v2\/users\/1"}],"replies":[{"embeddable":true,"href":"https:\/\/themexicopost.com\/index.php?rest_route=%2Fwp%2Fv2%2Fcomments&post=80140"}],"version-history":[{"count":1,"href":"https:\/\/themexicopost.com\/index.php?rest_route=\/wp\/v2\/posts\/80140\/revisions"}],"predecessor-version":[{"id":80145,"href":"https:\/\/themexicopost.com\/index.php?rest_route=\/wp\/v2\/posts\/80140\/revisions\/80145"}],"wp:featuredmedia":[{"embeddable":true,"href":"https:\/\/themexicopost.com\/index.php?rest_route=\/wp\/v2\/media\/80144"}],"wp:attachment":[{"href":"https:\/\/themexicopost.com\/index.php?rest_route=%2Fwp%2Fv2%2Fmedia&parent=80140"}],"wp:term":[{"taxonomy":"category","embeddable":true,"href":"https:\/\/themexicopost.com\/index.php?rest_route=%2Fwp%2Fv2%2Fcategories&post=80140"},{"taxonomy":"post_tag","embeddable":true,"href":"https:\/\/themexicopost.com\/index.php?rest_route=%2Fwp%2Fv2%2Ftags&post=80140"}],"curies":[{"name":"wp","href":"https:\/\/api.w.org\/{rel}","templated":true}]}}