{"id":80146,"date":"2026-04-23T07:20:12","date_gmt":"2026-04-23T13:20:12","guid":{"rendered":"https:\/\/themexicopost.com\/?p=80146"},"modified":"2026-04-23T07:20:25","modified_gmt":"2026-04-23T13:20:25","slug":"brasil-retira-credenciales-a-oficial-de-eeuu","status":"publish","type":"post","link":"https:\/\/themexicopost.com\/?p=80146","title":{"rendered":"Brasil retira credenciales a oficial de EEUU"},"content":{"rendered":"\n<figure class=\"wp-block-pullquote\"><blockquote><p>-El gobierno de Donald Trump hab\u00eda expulsado el lunes a un funcionario brasile\u00f1o, enlace ante la agencia migratoria ICE.<\/p><\/blockquote><\/figure>\n\n\n\n<p class=\"has-drop-cap\">El gobierno de Brasil retir\u00f3 las credenciales de un enlace policial estadounidense en el pa\u00eds, en reciprocidad por una medida similar de Estados Unidos contra un agente brasile\u00f1o, otro cap\u00edtulo de las tensiones entre ambos pa\u00edses.<br><\/p>\n\n\n\n<p>El Departamento de Estado difundi\u00f3 el lunes en X que solicit\u00f3 que un funcionario brasile\u00f1o abandonara Estados Unidos, por haber intentado manipular su sistema migratorio y extender cacer\u00edas de brujas pol\u00edticas a territorio estadounidense.<br><\/p>\n\n\n\n<p>El presidente Donald Trump ha usado aquella misma expresi\u00f3n, &#8220;caza de brujas&#8221;, para referirse al juicio que conden\u00f3 en septiembre al expresidente Jair Bolsonaro y a colaboradores suyos por un intento de golpe de Estado en 2022, tras perder las elecciones contra el actual presidente Luiz In\u00e1cio Lula da Silva.<br><\/p>\n\n\n\n<p>El oficial Marcelo Ivo, enlace brasile\u00f1o ante la agencia migratoria estadounidense ICE, &#8220;fue comunicado verbalmente por el gobierno de Estados Unidos sobre la interrupci\u00f3n inmediata del ejercicio de sus funciones&#8221;, detall\u00f3 este mi\u00e9rcoles la Canciller\u00eda brasile\u00f1a en un comunicado.<br><\/p>\n\n\n\n<p>La medida, agreg\u00f3, &#8220;no observa la buena pr\u00e1ctica diplom\u00e1tica de di\u00e1logo entre naciones amigas&#8221;.<br><\/p>\n\n\n\n<p>En reciprocidad, el gobierno de Lula orden\u00f3 la misma medida para el &#8220;representante estadounidense de \u00e1rea hom\u00f3loga en territorio brasile\u00f1o&#8221;.<br><\/p>\n\n\n\n<p>En un video divulgado en sus redes sociales, Lula felicit\u00f3 al director general de la Polic\u00eda Federal, Andrei Rodrigues, por su postura rec\u00edproca luego de que el gobierno estadounidense ordenara la salida del agente brasile\u00f1o Marcelo Ivo de Carvalho, quien operaba en Miami.<br><\/p>\n\n\n\n<p>&#8220;Felicitaciones por su posici\u00f3n con relaci\u00f3n al delegado estadounidense, aplicando la reciprocidad. Es decir, lo que ellos hicieron con nosotros, lo vamos a hacer con ellos, esperando que est\u00e9n dispuestos a volver a conversar y que las cosas vuelvan a la normalidad&#8221;, afirm\u00f3 el mandatario.<br><\/p>\n\n\n\n<p>Ivo actuaba en el marco de un memor\u00e1ndum bilateral de cooperaci\u00f3n en seguridad, seg\u00fan las autoridades de Brasil.<\/p>\n","protected":false},"excerpt":{"rendered":"<p>-El gobierno de Donald Trump hab\u00eda expulsado el lunes a un funcionario brasile\u00f1o, enlace ante la agencia migratoria ICE. El gobierno de Brasil retir\u00f3 las credenciales de un enlace policial estadounidense en el pa\u00eds, en reciprocidad por una medida similar de Estados Unidos contra un agente brasile\u00f1o, otro cap\u00edtulo de las tensiones entre ambos pa\u00edses. [&hellip;]<\/p>\n","protected":false},"author":1,"featured_media":80150,"comment_status":"closed","ping_status":"closed","sticky":false,"template":"","format":"standard","meta":{"footnotes":""},"categories":[83,80],"tags":[],"class_list":["post-80146","post","type-post","status-publish","format-standard","has-post-thumbnail","hentry","category-destacado","category-mundo"],"_links":{"self":[{"href":"https:\/\/themexicopost.com\/index.php?rest_route=\/wp\/v2\/posts\/80146","targetHints":{"allow":["GET"]}}],"collection":[{"href":"https:\/\/themexicopost.com\/index.php?rest_route=\/wp\/v2\/posts"}],"about":[{"href":"https:\/\/themexicopost.com\/index.php?rest_route=\/wp\/v2\/types\/post"}],"author":[{"embeddable":true,"href":"https:\/\/themexicopost.com\/index.php?rest_route=\/wp\/v2\/users\/1"}],"replies":[{"embeddable":true,"href":"https:\/\/themexicopost.com\/index.php?rest_route=%2Fwp%2Fv2%2Fcomments&post=80146"}],"version-history":[{"count":1,"href":"https:\/\/themexicopost.com\/index.php?rest_route=\/wp\/v2\/posts\/80146\/revisions"}],"predecessor-version":[{"id":80151,"href":"https:\/\/themexicopost.com\/index.php?rest_route=\/wp\/v2\/posts\/80146\/revisions\/80151"}],"wp:featuredmedia":[{"embeddable":true,"href":"https:\/\/themexicopost.com\/index.php?rest_route=\/wp\/v2\/media\/80150"}],"wp:attachment":[{"href":"https:\/\/themexicopost.com\/index.php?rest_route=%2Fwp%2Fv2%2Fmedia&parent=80146"}],"wp:term":[{"taxonomy":"category","embeddable":true,"href":"https:\/\/themexicopost.com\/index.php?rest_route=%2Fwp%2Fv2%2Fcategories&post=80146"},{"taxonomy":"post_tag","embeddable":true,"href":"https:\/\/themexicopost.com\/index.php?rest_route=%2Fwp%2Fv2%2Ftags&post=80146"}],"curies":[{"name":"wp","href":"https:\/\/api.w.org\/{rel}","templated":true}]}}