{"id":80149,"date":"2026-04-23T07:21:22","date_gmt":"2026-04-23T13:21:22","guid":{"rendered":"https:\/\/themexicopost.com\/?p=80149"},"modified":"2026-04-23T07:21:28","modified_gmt":"2026-04-23T13:21:28","slug":"ejercito-de-israel-esta-listo-para-reanudar-combates-zamir","status":"publish","type":"post","link":"https:\/\/themexicopost.com\/?p=80149","title":{"rendered":"Ej\u00e9rcito de Israel est\u00e1 listo para reanudar combates: Zamir"},"content":{"rendered":"\n<figure class=\"wp-block-pullquote\"><blockquote><p>-El jefe militar se\u00f1al\u00f3 que esta preparaci\u00f3n se ha consolidado tras meses de combates continuos desde los ataques liderados por Ham\u00e1s el 7 de octubre de 2023.<\/p><\/blockquote><\/figure>\n\n\n\n<p class=\"has-drop-cap\">El jefe del Estado Mayor de Israel, Eyal Zamir, asegur\u00f3 en unas declaraciones difundidas que el Ej\u00e9rcito mantiene un alto nivel de preparaci\u00f3n y est\u00e1 listo para reanudar de inmediato y con contundencia las operaciones militares \u00aben todos los frentes.<br><\/p>\n\n\n\n<p>Las declaraciones se enmarcan en un discurso difundido por los canales oficiales del Ej\u00e9rcito con motivo de una ceremonia para conmemorar el D\u00eda de la Independencia de Israel, en la que 120 soldados fueron homenajeados en la residencia presidencial.<br><\/p>\n\n\n\n<p>&#8220;El Ej\u00e9rcito mantiene un alto nivel de alerta y preparaci\u00f3n, y est\u00e1 listo para regresar de inmediato y con contundencia al combate en todos los frentes&#8221;, afirm\u00f3 Zamir.<br><\/p>\n\n\n\n<p>El jefe militar se\u00f1al\u00f3 que esta preparaci\u00f3n se ha consolidado tras meses de combates continuos desde los ataques liderados por Ham\u00e1s el 7 de octubre de 2023, que, seg\u00fan dijo, obligaron a las fuerzas armadas a trabajar para \u00abrestablecer su capacidad operativa\u00bb en distintos escenarios.<br><\/p>\n\n\n\n<p>En ese contexto, seg\u00fan sus palabras, las fuerzas israel\u00edes lograron \u00abdebilitar a Ham\u00e1s\u00bb y llevar a cabo el rescate de sus rehenes, en referencia a la ofensiva que Israel inici\u00f3 hace m\u00e1s de dos a\u00f1os en la Franja de Gaza, resultando en la muerte de m\u00e1s de 72.560 personas y la destrucci\u00f3n de m\u00e1s del 80 % del enclave palestino.<br><\/p>\n\n\n\n<p>Zamir a\u00f1adi\u00f3 que sus tropas mantienen \u00abintensos combates\u00bb en L\u00edbano con el objetivo de reforzar la defensa de las comunidades del norte del pa\u00eds, y mencion\u00f3 tambi\u00e9n operaciones en Ir\u00e1n, aunque al tratarse de un mensaje grabado previamente y sin fecha de registro precisada, no est\u00e1 claro a qu\u00e9 momento concreto corresponden esas afirmaciones.<br><\/p>\n\n\n\n<p>El Ej\u00e9rcito israel\u00ed confirm\u00f3 este mi\u00e9rcoles nuevos ataques a\u00e9reos en el sur del L\u00edbano pese al alto el fuego vigente, en acciones que calific\u00f3 de defensa propia. Israel mantiene desplegadas varias divisiones en la zona, donde controla una franja de entre 8 y 10 kil\u00f3metros desde la frontera y restringe el acceso a decenas de localidades libanesas.<br><\/p>\n\n\n\n<p>En paralelo, el presidente de Estados Unidos, Donald Trump, anunci\u00f3 este mi\u00e9rcoles la extensi\u00f3n del alto el fuego en la regi\u00f3n, a petici\u00f3n de Pakist\u00e1n, hasta que Ir\u00e1n presente una propuesta en el marco de las negociaciones en curso, aunque Washington mantiene medidas como el bloqueo naval a buques iran\u00edes tras el fracaso de contactos previos.<\/p>\n","protected":false},"excerpt":{"rendered":"<p>-El jefe militar se\u00f1al\u00f3 que esta preparaci\u00f3n se ha consolidado tras meses de combates continuos desde los ataques liderados por Ham\u00e1s el 7 de octubre de 2023. El jefe del Estado Mayor de Israel, Eyal Zamir, asegur\u00f3 en unas declaraciones difundidas que el Ej\u00e9rcito mantiene un alto nivel de preparaci\u00f3n y est\u00e1 listo para reanudar [&hellip;]<\/p>\n","protected":false},"author":1,"featured_media":80153,"comment_status":"closed","ping_status":"closed","sticky":false,"template":"","format":"standard","meta":{"footnotes":""},"categories":[80],"tags":[],"class_list":["post-80149","post","type-post","status-publish","format-standard","has-post-thumbnail","hentry","category-mundo"],"_links":{"self":[{"href":"https:\/\/themexicopost.com\/index.php?rest_route=\/wp\/v2\/posts\/80149","targetHints":{"allow":["GET"]}}],"collection":[{"href":"https:\/\/themexicopost.com\/index.php?rest_route=\/wp\/v2\/posts"}],"about":[{"href":"https:\/\/themexicopost.com\/index.php?rest_route=\/wp\/v2\/types\/post"}],"author":[{"embeddable":true,"href":"https:\/\/themexicopost.com\/index.php?rest_route=\/wp\/v2\/users\/1"}],"replies":[{"embeddable":true,"href":"https:\/\/themexicopost.com\/index.php?rest_route=%2Fwp%2Fv2%2Fcomments&post=80149"}],"version-history":[{"count":1,"href":"https:\/\/themexicopost.com\/index.php?rest_route=\/wp\/v2\/posts\/80149\/revisions"}],"predecessor-version":[{"id":80154,"href":"https:\/\/themexicopost.com\/index.php?rest_route=\/wp\/v2\/posts\/80149\/revisions\/80154"}],"wp:featuredmedia":[{"embeddable":true,"href":"https:\/\/themexicopost.com\/index.php?rest_route=\/wp\/v2\/media\/80153"}],"wp:attachment":[{"href":"https:\/\/themexicopost.com\/index.php?rest_route=%2Fwp%2Fv2%2Fmedia&parent=80149"}],"wp:term":[{"taxonomy":"category","embeddable":true,"href":"https:\/\/themexicopost.com\/index.php?rest_route=%2Fwp%2Fv2%2Fcategories&post=80149"},{"taxonomy":"post_tag","embeddable":true,"href":"https:\/\/themexicopost.com\/index.php?rest_route=%2Fwp%2Fv2%2Ftags&post=80149"}],"curies":[{"name":"wp","href":"https:\/\/api.w.org\/{rel}","templated":true}]}}