{"id":80155,"date":"2026-04-23T07:23:51","date_gmt":"2026-04-23T13:23:51","guid":{"rendered":"https:\/\/themexicopost.com\/?p=80155"},"modified":"2026-04-23T07:23:59","modified_gmt":"2026-04-23T13:23:59","slug":"milei-presenta-proyecto-de-ley-de-reforma-electoral","status":"publish","type":"post","link":"https:\/\/themexicopost.com\/?p=80155","title":{"rendered":"Milei presenta proyecto de ley de reforma electoral"},"content":{"rendered":"\n<figure class=\"wp-block-pullquote\"><blockquote><p>-La reforma que fue enviada al Senado plantea la eliminaci\u00f3n definitiva de las primarias abiertas, simult\u00e1neas y obligatorias, que el gobierno defini\u00f3 como un proyecto fallido.<\/p><\/blockquote><\/figure>\n\n\n\n<p class=\"has-drop-cap\">El Gobierno del presidente de Argentina, el ultraderechista Javier Milei, envi\u00f3 al Parlamento un proyecto de ley de reforma electoral, que prev\u00e9, entre otros cambios, la eliminaci\u00f3n de los comicios primarios.<br><\/p>\n\n\n\n<p>Seg\u00fan inform\u00f3 la Oficina del Presidente en un comunicado, la iniciativa tiene por objetivo corregir un sistema viciado de ra\u00edz para que la pol\u00edtica cueste menos, sea m\u00e1s transparente y represente a quienes dice representar.<br><\/p>\n\n\n\n<p>La reforma plantea la eliminaci\u00f3n definitiva de las primarias abiertas, simult\u00e1neas y obligatorias (PASO), que el Ejecutivo de Milei defini\u00f3 como un experimento fallido que intent\u00f3 impulsar la falsa dicotom\u00eda de internas abiertas.<br><\/p>\n\n\n\n<p>El sistema de elecciones primarias fue implementado por primera vez en Argentina para definir los candidatos para los comicios generales de 2011, a partir de una reforma pol\u00edtica aprobada por el Parlamento a finales de 2009, con el objetivo de democratizar la representaci\u00f3n pol\u00edtica, la transparencia y la equidad electoral.<br><\/p>\n\n\n\n<p>No obstante, el sistema ha sido cuestionado varias veces, en particular por sus costes y por lo engorroso de la organizaci\u00f3n de unos comicios donde suelen presentarse muchos candidatos.<br><\/p>\n\n\n\n<p>El Gobierno se\u00f1al\u00f3 que las primarias presidenciales de 2023 tuvieron un coste de 32 millones de d\u00f3lares y no sirvieron para dirimir ninguna interna relevante.<br><\/p>\n\n\n\n<p>Seg\u00fan el sistema vigente que Milei pretende anular, para quedar habilitados para competir en las elecciones generales, los candidatos o listas de postulantes deben lograr al menos el 1,5 % de los votos totales en las primarias.<br><\/p>\n\n\n\n<p>Todos los partidos est\u00e1n obligados a participar de las primarias, aunque no necesariamente deben presentar m\u00e1s de una lista de candidatos para dirimir cu\u00e1l es la que llevar\u00e1n a los comicios generales.<br><\/p>\n\n\n\n<p>&#8220;De ac\u00e1 en adelante, las primarias vuelven a ser un asunto interno de los partidos, no del Estado. Los argentinos no tienen por qu\u00e9 pagar las diferencias internas de los pol\u00edticos&#8221;, se\u00f1al\u00f3 el Gobierno.<br><\/p>\n\n\n\n<p>En 2025, el Parlamento, por iniciativa del Ejecutivo de Milei, aprob\u00f3 un proyecto que suspendi\u00f3 las PASO para los comicios legislativos celebrados el a\u00f1o pasado.<\/p>\n","protected":false},"excerpt":{"rendered":"<p>-La reforma que fue enviada al Senado plantea la eliminaci\u00f3n definitiva de las primarias abiertas, simult\u00e1neas y obligatorias, que el gobierno defini\u00f3 como un proyecto fallido. El Gobierno del presidente de Argentina, el ultraderechista Javier Milei, envi\u00f3 al Parlamento un proyecto de ley de reforma electoral, que prev\u00e9, entre otros cambios, la eliminaci\u00f3n de los [&hellip;]<\/p>\n","protected":false},"author":1,"featured_media":80159,"comment_status":"closed","ping_status":"closed","sticky":false,"template":"","format":"standard","meta":{"footnotes":""},"categories":[80],"tags":[],"class_list":["post-80155","post","type-post","status-publish","format-standard","has-post-thumbnail","hentry","category-mundo"],"_links":{"self":[{"href":"https:\/\/themexicopost.com\/index.php?rest_route=\/wp\/v2\/posts\/80155","targetHints":{"allow":["GET"]}}],"collection":[{"href":"https:\/\/themexicopost.com\/index.php?rest_route=\/wp\/v2\/posts"}],"about":[{"href":"https:\/\/themexicopost.com\/index.php?rest_route=\/wp\/v2\/types\/post"}],"author":[{"embeddable":true,"href":"https:\/\/themexicopost.com\/index.php?rest_route=\/wp\/v2\/users\/1"}],"replies":[{"embeddable":true,"href":"https:\/\/themexicopost.com\/index.php?rest_route=%2Fwp%2Fv2%2Fcomments&post=80155"}],"version-history":[{"count":1,"href":"https:\/\/themexicopost.com\/index.php?rest_route=\/wp\/v2\/posts\/80155\/revisions"}],"predecessor-version":[{"id":80160,"href":"https:\/\/themexicopost.com\/index.php?rest_route=\/wp\/v2\/posts\/80155\/revisions\/80160"}],"wp:featuredmedia":[{"embeddable":true,"href":"https:\/\/themexicopost.com\/index.php?rest_route=\/wp\/v2\/media\/80159"}],"wp:attachment":[{"href":"https:\/\/themexicopost.com\/index.php?rest_route=%2Fwp%2Fv2%2Fmedia&parent=80155"}],"wp:term":[{"taxonomy":"category","embeddable":true,"href":"https:\/\/themexicopost.com\/index.php?rest_route=%2Fwp%2Fv2%2Fcategories&post=80155"},{"taxonomy":"post_tag","embeddable":true,"href":"https:\/\/themexicopost.com\/index.php?rest_route=%2Fwp%2Fv2%2Ftags&post=80155"}],"curies":[{"name":"wp","href":"https:\/\/api.w.org\/{rel}","templated":true}]}}