{"id":80164,"date":"2026-04-23T07:34:10","date_gmt":"2026-04-23T13:34:10","guid":{"rendered":"https:\/\/themexicopost.com\/?p=80164"},"modified":"2026-04-23T07:34:23","modified_gmt":"2026-04-23T13:34:23","slug":"desapariciones-en-mexico-uno-de-los-desafios-mas-graves-volker-turk","status":"publish","type":"post","link":"https:\/\/themexicopost.com\/?p=80164","title":{"rendered":"Desapariciones en M\u00e9xico uno de los desaf\u00edos m\u00e1s graves: Volker T\u00fcrk"},"content":{"rendered":"\n<figure class=\"wp-block-pullquote\"><blockquote><p>-El alto comisionado de la ONU, quien se reuni\u00f3 con colectivos de b\u00fasqueda, aplaudi\u00f3 su \u00abvalor y tenacidad\u00bb al asegurar que \u00ablideran los esfuerzos por promover visibilidad, rendici\u00f3n de cuentas y respuestas institucionales\u00bb.<\/p><\/blockquote><\/figure>\n\n\n\n<p class=\"has-drop-cap\">El alto comisionado de Naciones Unidas para los derechos humanos, Volker T\u00fcrk, alert\u00f3 de la tragedia que a su juicio supone la crisis de desaparecidos en el pa\u00eds norteamericano, por lo que llam\u00f3 a reforzar los mecanismos de protecci\u00f3n a pesar de reconocer el trabajo del Gobierno de Claudia Sheinbaum en esta materia.<br><\/p>\n\n\n\n<p>&#8220;Soy plenamente consciente de que la seguridad p\u00fablica sigue siendo uno de los retos m\u00e1s complejos de la sociedad mexicana. Los grupos delictivos organizados contin\u00faan operando en varias partes del pa\u00eds y tienen un impacto significativo en el disfrute de los derechos humanos de la poblaci\u00f3n&#8221;, declar\u00f3 el diplom\u00e1tico en una rueda de prensa en la capital mexicana.<br><\/p>\n\n\n\n<p>Al t\u00e9rmino de su visita oficial, que calific\u00f3 de fruct\u00edfera, T\u00fcrk reconoci\u00f3 los \u00abesfuerzos\u00bb de las autoridades mexicanas para hacer frente a la violencia y para reforzar las instituciones, aunque advirti\u00f3 que existe impunidad y que es uno de los desaf\u00edos m\u00e1s graves y dolorosos del pa\u00eds en materia de derechos humanos.<br><\/p>\n\n\n\n<p>&#8220;Fue doloroso escuchar testimonios que reflejan la magnitud de esta tragedia. Es fundamental que el Estado siga reforzando los mecanismos de b\u00fasqueda, los procesos de identificaci\u00f3n forense, las medidas de protecci\u00f3n y las capacidades de investigaci\u00f3n para hacer frente a esta crisis&#8221;, a\u00f1adi\u00f3.<br><\/p>\n\n\n\n<p>El alto comisionado de la ONU, quien se reuni\u00f3 con colectivos de b\u00fasqueda, aplaudi\u00f3 su \u00abvalor y tenacidad\u00bb al asegurar que \u00ablideran los esfuerzos por promover visibilidad, rendici\u00f3n de cuentas y respuestas institucionales\u00bb.<br><\/p>\n\n\n\n<p>T\u00fcrk pidi\u00f3 que este esfuerzo de b\u00fasqueda no se politice y se ponga a las v\u00edctimas \u00aben el centro\u00bb ante la acci\u00f3n del crimen organizado y el torrente de armamento que llega a M\u00e9xico diariamente.<br><\/p>\n\n\n\n<p>Esta petici\u00f3n, explic\u00f3, la realiza porque en su visita al pa\u00eds norteamericano vio \u00abpolarizaci\u00f3n\u00bb en esta cuesti\u00f3n, lo que \u00abno hace justicia\u00bb a las v\u00edctimas.<br><\/p>\n\n\n\n<p>&#8220;Es fundamental que las instituciones contin\u00faen avanzando hacia el fortalecimiento de las instituciones civiles y profesionales plenamente sujetas a mecanismos de rendici\u00f3n de cuentas&#8221;, apunt\u00f3 antes de insistir en que &#8220;lo importante&#8221; es encontrar una \u00absoluci\u00f3n&#8221; a la problem\u00e1tica.<br><\/p>\n\n\n\n<p>Sobre el reciente informe del Comit\u00e9 de la ONU contra las Desapariciones Forzadas (CED), que desat\u00f3 las cr\u00edticas del Gobierno mexicano por ser \u00abtendencioso\u00bb, T\u00fcrk indic\u00f3 que se tiene que \u00abrespetar\u00bb, si bien evit\u00f3 pronunciarse acerca de si la situaci\u00f3n de los desaparecidos en el pa\u00eds puede constituir un crimen de lesa humanidad, tal y como sostiene la CED.<br><\/p>\n\n\n\n<p>Por \u00faltimo, el diplom\u00e1tico quiso mostrar su \u00abpreocupaci\u00f3n\u00bb ante la violencia contra las mujeres y la figura de la prisi\u00f3n preventiva oficiosa contemplada en el sistema jur\u00eddico, al se\u00f1alar su \u00abimpacto en la presunci\u00f3n de inocencia, la libertad personal y el debido proceso\u00bb.<br><\/p>\n\n\n\n<p>El alto comisionado de Naciones Unidas concluy\u00f3 una vista en la que se reuni\u00f3 con miembros de la sociedad civil y autoridades mexicanas, entre ellas Sheinbaum y la titular de la Secretar\u00eda de Gobernaci\u00f3n, Rosa Icela Rodr\u00edguez, en un contexto en el que existen m\u00e1s de 133.000 personas desaparecidas en el pa\u00eds, seg\u00fan cifras oficiales.<\/p>\n","protected":false},"excerpt":{"rendered":"<p>-El alto comisionado de la ONU, quien se reuni\u00f3 con colectivos de b\u00fasqueda, aplaudi\u00f3 su \u00abvalor y tenacidad\u00bb al asegurar que \u00ablideran los esfuerzos por promover visibilidad, rendici\u00f3n de cuentas y respuestas institucionales\u00bb. El alto comisionado de Naciones Unidas para los derechos humanos, Volker T\u00fcrk, alert\u00f3 de la tragedia que a su juicio supone la [&hellip;]<\/p>\n","protected":false},"author":1,"featured_media":80168,"comment_status":"closed","ping_status":"closed","sticky":false,"template":"","format":"standard","meta":{"footnotes":""},"categories":[83,80,81,85],"tags":[],"class_list":["post-80164","post","type-post","status-publish","format-standard","has-post-thumbnail","hentry","category-destacado","category-mundo","category-nacional","category-portada"],"_links":{"self":[{"href":"https:\/\/themexicopost.com\/index.php?rest_route=\/wp\/v2\/posts\/80164","targetHints":{"allow":["GET"]}}],"collection":[{"href":"https:\/\/themexicopost.com\/index.php?rest_route=\/wp\/v2\/posts"}],"about":[{"href":"https:\/\/themexicopost.com\/index.php?rest_route=\/wp\/v2\/types\/post"}],"author":[{"embeddable":true,"href":"https:\/\/themexicopost.com\/index.php?rest_route=\/wp\/v2\/users\/1"}],"replies":[{"embeddable":true,"href":"https:\/\/themexicopost.com\/index.php?rest_route=%2Fwp%2Fv2%2Fcomments&post=80164"}],"version-history":[{"count":1,"href":"https:\/\/themexicopost.com\/index.php?rest_route=\/wp\/v2\/posts\/80164\/revisions"}],"predecessor-version":[{"id":80169,"href":"https:\/\/themexicopost.com\/index.php?rest_route=\/wp\/v2\/posts\/80164\/revisions\/80169"}],"wp:featuredmedia":[{"embeddable":true,"href":"https:\/\/themexicopost.com\/index.php?rest_route=\/wp\/v2\/media\/80168"}],"wp:attachment":[{"href":"https:\/\/themexicopost.com\/index.php?rest_route=%2Fwp%2Fv2%2Fmedia&parent=80164"}],"wp:term":[{"taxonomy":"category","embeddable":true,"href":"https:\/\/themexicopost.com\/index.php?rest_route=%2Fwp%2Fv2%2Fcategories&post=80164"},{"taxonomy":"post_tag","embeddable":true,"href":"https:\/\/themexicopost.com\/index.php?rest_route=%2Fwp%2Fv2%2Ftags&post=80164"}],"curies":[{"name":"wp","href":"https:\/\/api.w.org\/{rel}","templated":true}]}}