{"id":80167,"date":"2026-04-23T07:35:46","date_gmt":"2026-04-23T13:35:46","guid":{"rendered":"https:\/\/themexicopost.com\/?p=80167"},"modified":"2026-04-23T07:36:00","modified_gmt":"2026-04-23T13:36:00","slug":"macron-anuncia-la-muerte-de-un-segundo-casco-azul-herido-en-libano","status":"publish","type":"post","link":"https:\/\/themexicopost.com\/?p=80167","title":{"rendered":"Macron anuncia la muerte de un segundo casco azul herido en L\u00edbano"},"content":{"rendered":"\n<figure class=\"wp-block-pullquote\"><blockquote><p>-Francia recibi\u00f3 garant\u00edas de las autoridades libanesas de que har\u00edan todo lo posible para esclarecer esa emboscada y arrestar a sus autores.<\/p><\/blockquote><\/figure>\n\n\n\n<p class=\"has-drop-cap\">El presidente franc\u00e9s, Emmanuel Macron, anunci\u00f3 el fallecimiento de un segundo casco azul franc\u00e9s de la fuerza de la ONU en L\u00edbano (FINUL) que hab\u00eda resultado herido de gravedad en el incidente en el que muri\u00f3 en el acto un primer soldado, una emboscada que Par\u00eds atribuye a Hizbul\u00e1.<br><\/p>\n\n\n\n<p>Se trata del cabo primero Anicet Girardin, que hab\u00eda sido repatriado este martes a Francia tras haber resultado herido de gravedad en la escaramuza del pasado s\u00e1bado en la que cay\u00f3 el jefe de su unidad, el suboficial Florian Montorio, indic\u00f3 Macron en sus redes sociales.<br><\/p>\n\n\n\n<p>Con estas son ya tres las v\u00edctimas francesas en Oriente Medio desde el inicio de los bombardeos de Estados Unidos e Israel contra Ir\u00e1n el pasado 27 de febrero, tras la muerte hace un mes del suboficial Arnaud Frion en la regi\u00f3n de Erbil, en el Kurdist\u00e1n iraqu\u00ed, en un ataque con un dron a su unidad que Francia atribuye a una milicia pro-iran\u00ed.<br><\/p>\n\n\n\n<p>La ministra de Defensa, Catherine Vautrin, precis\u00f3 que Girardin result\u00f3 herido cuando intentaba socorrer a Montorio, que hab\u00eda recibido disparos de una milicia mientras participaba en una operaci\u00f3n de desminado, una de las misiones que tiene atribuidas la FINUL.<br><\/p>\n\n\n\n<p>La unidad en la que participaban los dos soldados se encontr\u00f3 en el centro de una emboscada cuando intentaban retirar un artefacto explosivo en una v\u00eda del sur de L\u00edbano.<br><\/p>\n\n\n\n<p>En ese momento, fueron blanco de numerosos disparos por combatientes de Hizbul\u00e1 emboscados a corta distancia, indic\u00f3 la ministra, pese a que la milicia chi\u00ed ha negado su implicaci\u00f3n en ese ataque.<br><\/p>\n\n\n\n<p>El militar, especializado en el adiestramiento canino, pertenec\u00eda al 132.\u00ba regimiento de infanter\u00eda cinol\u00f3gica de Suippes.<br><\/p>\n\n\n\n<p>Tras el fallecimiento de Montorio, Francia recibi\u00f3 garant\u00edas de las autoridades libanesas de que har\u00edan todo lo posible para esclarecer esa emboscada y arrestar a sus autores.<br><\/p>\n\n\n\n<p>Macron, que no ha dejado dudas de la implicaci\u00f3n de Hizbul\u00e1 en ese ataque, precis\u00f3 que no se dirig\u00eda espec\u00edficamente contra Francia, sino contra la FINUL, cuya misi\u00f3n consider\u00f3 esencial para lograr el desarme del grupo chi\u00ed.<\/p>\n","protected":false},"excerpt":{"rendered":"<p>-Francia recibi\u00f3 garant\u00edas de las autoridades libanesas de que har\u00edan todo lo posible para esclarecer esa emboscada y arrestar a sus autores. El presidente franc\u00e9s, Emmanuel Macron, anunci\u00f3 el fallecimiento de un segundo casco azul franc\u00e9s de la fuerza de la ONU en L\u00edbano (FINUL) que hab\u00eda resultado herido de gravedad en el incidente en [&hellip;]<\/p>\n","protected":false},"author":1,"featured_media":80171,"comment_status":"closed","ping_status":"closed","sticky":false,"template":"","format":"standard","meta":{"footnotes":""},"categories":[83,80,85],"tags":[],"class_list":["post-80167","post","type-post","status-publish","format-standard","has-post-thumbnail","hentry","category-destacado","category-mundo","category-portada"],"_links":{"self":[{"href":"https:\/\/themexicopost.com\/index.php?rest_route=\/wp\/v2\/posts\/80167","targetHints":{"allow":["GET"]}}],"collection":[{"href":"https:\/\/themexicopost.com\/index.php?rest_route=\/wp\/v2\/posts"}],"about":[{"href":"https:\/\/themexicopost.com\/index.php?rest_route=\/wp\/v2\/types\/post"}],"author":[{"embeddable":true,"href":"https:\/\/themexicopost.com\/index.php?rest_route=\/wp\/v2\/users\/1"}],"replies":[{"embeddable":true,"href":"https:\/\/themexicopost.com\/index.php?rest_route=%2Fwp%2Fv2%2Fcomments&post=80167"}],"version-history":[{"count":1,"href":"https:\/\/themexicopost.com\/index.php?rest_route=\/wp\/v2\/posts\/80167\/revisions"}],"predecessor-version":[{"id":80172,"href":"https:\/\/themexicopost.com\/index.php?rest_route=\/wp\/v2\/posts\/80167\/revisions\/80172"}],"wp:featuredmedia":[{"embeddable":true,"href":"https:\/\/themexicopost.com\/index.php?rest_route=\/wp\/v2\/media\/80171"}],"wp:attachment":[{"href":"https:\/\/themexicopost.com\/index.php?rest_route=%2Fwp%2Fv2%2Fmedia&parent=80167"}],"wp:term":[{"taxonomy":"category","embeddable":true,"href":"https:\/\/themexicopost.com\/index.php?rest_route=%2Fwp%2Fv2%2Fcategories&post=80167"},{"taxonomy":"post_tag","embeddable":true,"href":"https:\/\/themexicopost.com\/index.php?rest_route=%2Fwp%2Fv2%2Ftags&post=80167"}],"curies":[{"name":"wp","href":"https:\/\/api.w.org\/{rel}","templated":true}]}}