{"id":80173,"date":"2026-04-23T07:39:38","date_gmt":"2026-04-23T13:39:38","guid":{"rendered":"https:\/\/themexicopost.com\/?p=80173"},"modified":"2026-04-23T07:39:44","modified_gmt":"2026-04-23T13:39:44","slug":"exige-la-casa-blanca-a-sheinbaum-mostrar-empatia-por-agentes-muertos-en-mexico","status":"publish","type":"post","link":"https:\/\/themexicopost.com\/?p=80173","title":{"rendered":"EXIGE LA CASA BLANCA A SHEINBAUM MOSTRAR EMPAT\u00cdA POR AGENTES MUERTOS EN M\u00c9XICO"},"content":{"rendered":"\n<figure class=\"wp-block-pullquote\"><blockquote><p>-Sobre todo, por lo que Estados Unidos est\u00e1 haciendo para frenar el narcotr\u00e1fico a trav\u00e9s de M\u00e9xico, se\u00f1al\u00f3 Karoline Leavitt.<\/p><\/blockquote><\/figure>\n\n\n\n<p class=\"has-drop-cap\">M\u00e9xico deber\u00eda mostrar m\u00e1s simpat\u00eda tras la muerte de dos agentes estadounidenses en un operativo en Chihuahua, declar\u00f3 la portavoz de la Casa Blanca, Karoline Leavitt.<br><\/p>\n\n\n\n<p>La presencia de los agentes estadounidenses se conoci\u00f3 el domingo despu\u00e9s de que ambos murieran en un accidente de auto en el estado, fronterizo con Estados Unidos. La presidenta mexicana Claudia Sheinbaum afirm\u00f3 que su gobierno desconoc\u00eda que esos dos agentes estuvieran en la zona.<br><\/p>\n\n\n\n<figure class=\"wp-block-image size-large\"><img fetchpriority=\"high\" decoding=\"async\" width=\"1024\" height=\"684\" src=\"https:\/\/themexicopost.com\/wp-content\/uploads\/2026\/04\/exige-3-1024x684.jpg\" alt=\"\" class=\"wp-image-80177\" srcset=\"https:\/\/themexicopost.com\/wp-content\/uploads\/2026\/04\/exige-3-1024x684.jpg 1024w, https:\/\/themexicopost.com\/wp-content\/uploads\/2026\/04\/exige-3-300x201.jpg 300w, https:\/\/themexicopost.com\/wp-content\/uploads\/2026\/04\/exige-3-768x513.jpg 768w, https:\/\/themexicopost.com\/wp-content\/uploads\/2026\/04\/exige-3.jpg 1200w\" sizes=\"(max-width: 1024px) 100vw, 1024px\" \/><\/figure>\n\n\n\n<p>&#8220;Un poco de compasi\u00f3n de parte de Claudia Sheinbaum valdr\u00eda la pena por las dos vidas estadounidenses que se perdieron, teniendo en cuenta todo lo que Estados Unidos est\u00e1 haciendo actualmente con este presidente para frenar el narcotr\u00e1fico a trav\u00e9s de M\u00e9xico&#8221;, explic\u00f3 Leavitt en entrevista con la cadena Fox News.<br><\/p>\n\n\n\n<p>&#8220;Hemos visto algo de cooperaci\u00f3n por parte de la presidenta Sheinbaum. Creo que el presidente (Donald Trump) siempre quiere ver m\u00e1s cooperaci\u00f3n&#8221;, agreg\u00f3.<br><\/p>\n\n\n\n<figure class=\"wp-block-image size-large\"><img decoding=\"async\" width=\"1024\" height=\"684\" src=\"https:\/\/themexicopost.com\/wp-content\/uploads\/2026\/04\/exige-2-1024x684.jpg\" alt=\"\" class=\"wp-image-80178\" srcset=\"https:\/\/themexicopost.com\/wp-content\/uploads\/2026\/04\/exige-2-1024x684.jpg 1024w, https:\/\/themexicopost.com\/wp-content\/uploads\/2026\/04\/exige-2-300x201.jpg 300w, https:\/\/themexicopost.com\/wp-content\/uploads\/2026\/04\/exige-2-768x513.jpg 768w, https:\/\/themexicopost.com\/wp-content\/uploads\/2026\/04\/exige-2.jpg 1200w\" sizes=\"(max-width: 1024px) 100vw, 1024px\" \/><\/figure>\n\n\n\n<p>El embajador estadounidense en M\u00e9xico, Ronald D. Johnson, present\u00f3 el domingo a ambos agentes como personal de la legaci\u00f3n en un mensaje en la red social X.<br><\/p>\n\n\n\n<p>Por su parte, Sheinbaum asegur\u00f3 ante la prensa que la participaci\u00f3n de esos dos agentes de la embajada contraven\u00eda la ley de seguridad nacional.<\/p>\n","protected":false},"excerpt":{"rendered":"<p>-Sobre todo, por lo que Estados Unidos est\u00e1 haciendo para frenar el narcotr\u00e1fico a trav\u00e9s de M\u00e9xico, se\u00f1al\u00f3 Karoline Leavitt.<\/p>\n","protected":false},"author":1,"featured_media":80176,"comment_status":"closed","ping_status":"closed","sticky":false,"template":"","format":"standard","meta":{"footnotes":""},"categories":[83,80,85],"tags":[],"class_list":["post-80173","post","type-post","status-publish","format-standard","has-post-thumbnail","hentry","category-destacado","category-mundo","category-portada"],"_links":{"self":[{"href":"https:\/\/themexicopost.com\/index.php?rest_route=\/wp\/v2\/posts\/80173","targetHints":{"allow":["GET"]}}],"collection":[{"href":"https:\/\/themexicopost.com\/index.php?rest_route=\/wp\/v2\/posts"}],"about":[{"href":"https:\/\/themexicopost.com\/index.php?rest_route=\/wp\/v2\/types\/post"}],"author":[{"embeddable":true,"href":"https:\/\/themexicopost.com\/index.php?rest_route=\/wp\/v2\/users\/1"}],"replies":[{"embeddable":true,"href":"https:\/\/themexicopost.com\/index.php?rest_route=%2Fwp%2Fv2%2Fcomments&post=80173"}],"version-history":[{"count":1,"href":"https:\/\/themexicopost.com\/index.php?rest_route=\/wp\/v2\/posts\/80173\/revisions"}],"predecessor-version":[{"id":80179,"href":"https:\/\/themexicopost.com\/index.php?rest_route=\/wp\/v2\/posts\/80173\/revisions\/80179"}],"wp:featuredmedia":[{"embeddable":true,"href":"https:\/\/themexicopost.com\/index.php?rest_route=\/wp\/v2\/media\/80176"}],"wp:attachment":[{"href":"https:\/\/themexicopost.com\/index.php?rest_route=%2Fwp%2Fv2%2Fmedia&parent=80173"}],"wp:term":[{"taxonomy":"category","embeddable":true,"href":"https:\/\/themexicopost.com\/index.php?rest_route=%2Fwp%2Fv2%2Fcategories&post=80173"},{"taxonomy":"post_tag","embeddable":true,"href":"https:\/\/themexicopost.com\/index.php?rest_route=%2Fwp%2Fv2%2Ftags&post=80173"}],"curies":[{"name":"wp","href":"https:\/\/api.w.org\/{rel}","templated":true}]}}