{"id":80210,"date":"2026-04-24T06:43:21","date_gmt":"2026-04-24T12:43:21","guid":{"rendered":"https:\/\/themexicopost.com\/?p=80210"},"modified":"2026-04-24T06:43:26","modified_gmt":"2026-04-24T12:43:26","slug":"uaemex-promueve-la-lectura-como-eje-de-transformacion","status":"publish","type":"post","link":"https:\/\/themexicopost.com\/?p=80210","title":{"rendered":"UAEM\u00e9x promueve la lectura como eje de transformaci\u00f3n"},"content":{"rendered":"\n<figure class=\"wp-block-pullquote\"><blockquote><p>-La Feria Universitaria del Libro contar\u00e1 con la participaci\u00f3n de 31 editoriales, adem\u00e1s de actividades, conferencias, conversatorios, presentaciones de libros y revistas.<\/p><\/blockquote><\/figure>\n\n\n\n<p class=\"has-drop-cap\">Con el prop\u00f3sito de fomentar la lectura y fortalecer la formaci\u00f3n integral de su comunidad, la Universidad Aut\u00f3noma del Estado de M\u00e9xico llev\u00f3 a cabo la primera edici\u00f3n de la Feria Universitaria del Libro (FUL), en el marco del programa \u201cAbril, Mes de la Lectura\u201d.<br><\/p>\n\n\n\n<p>Durante la inauguraci\u00f3n, la rectora Martha Patricia Zarza Delgado destac\u00f3 que la lectura constituye uno de los pilares de la Transformaci\u00f3n Universitaria, al ser una herramienta esencial para formar profesionistas cr\u00edticos, creativos y conscientes de su entorno.<br><\/p>\n\n\n\n<p>El evento, realizado en el Patio del Centenario del Edificio de Rector\u00eda, re\u00fane a 31 editoriales \u2014incluida la propia universidad\u2014 y contempla 28 actividades acad\u00e9micas, entre conferencias, conversatorios, presentaciones editoriales, una puesta en escena, una mesa de di\u00e1logo y la participaci\u00f3n de la Embajada de Cuba en M\u00e9xico.<br><\/p>\n\n\n\n<figure class=\"wp-block-image size-large\"><img fetchpriority=\"high\" decoding=\"async\" width=\"1024\" height=\"684\" src=\"https:\/\/themexicopost.com\/wp-content\/uploads\/2026\/04\/10uaemex-7-1024x684.jpg\" alt=\"\" class=\"wp-image-80215\" srcset=\"https:\/\/themexicopost.com\/wp-content\/uploads\/2026\/04\/10uaemex-7-1024x684.jpg 1024w, https:\/\/themexicopost.com\/wp-content\/uploads\/2026\/04\/10uaemex-7-300x201.jpg 300w, https:\/\/themexicopost.com\/wp-content\/uploads\/2026\/04\/10uaemex-7-768x513.jpg 768w, https:\/\/themexicopost.com\/wp-content\/uploads\/2026\/04\/10uaemex-7.jpg 1200w\" sizes=\"(max-width: 1024px) 100vw, 1024px\" \/><\/figure>\n\n\n\n<p>Acompa\u00f1ada por integrantes del gabinete universitario, entre ellos el secretario Acad\u00e9mico Francisco Herrera Tapia y la secretaria de Identidad y Cultura Cynthia Ortega Salgado, la rectora inform\u00f3 que en 2026 la instituci\u00f3n ha ampliado su oferta cultural a m\u00e1s de 400 actividades distribuidas en 52 espacios acad\u00e9micos.<br><\/p>\n\n\n\n<p>Asimismo, subray\u00f3 que la promoci\u00f3n de la lectura contribuye a fortalecer la diversidad cultural, la inclusi\u00f3n y la preservaci\u00f3n de tradiciones y lenguas, reafirmando el car\u00e1cter social y humanista de la universidad.<br><\/p>\n\n\n\n<p>En su intervenci\u00f3n, Herrera Tapia se\u00f1al\u00f3 que esta feria consolida el compromiso institucional con el acceso equitativo al conocimiento, al tiempo que posiciona a la lectura como un acto de reflexi\u00f3n y transformaci\u00f3n social.<br><\/p>\n\n\n\n<p>La Feria Universitaria del Libro estar\u00e1 abierta al p\u00fablico en general, con acceso gratuito, hasta el 24 de abril en el Edificio de Rector\u00eda.<\/p>\n","protected":false},"excerpt":{"rendered":"<p>-La Feria Universitaria del Libro contar\u00e1 con la participaci\u00f3n de 31 editoriales, adem\u00e1s de actividades, conferencias, conversatorios, presentaciones de libros y revistas. Con el prop\u00f3sito de fomentar la lectura y fortalecer la formaci\u00f3n integral de su comunidad, la Universidad Aut\u00f3noma del Estado de M\u00e9xico llev\u00f3 a cabo la primera edici\u00f3n de la Feria Universitaria del [&hellip;]<\/p>\n","protected":false},"author":1,"featured_media":80214,"comment_status":"closed","ping_status":"closed","sticky":false,"template":"","format":"standard","meta":{"footnotes":""},"categories":[81],"tags":[],"class_list":["post-80210","post","type-post","status-publish","format-standard","has-post-thumbnail","hentry","category-nacional"],"_links":{"self":[{"href":"https:\/\/themexicopost.com\/index.php?rest_route=\/wp\/v2\/posts\/80210","targetHints":{"allow":["GET"]}}],"collection":[{"href":"https:\/\/themexicopost.com\/index.php?rest_route=\/wp\/v2\/posts"}],"about":[{"href":"https:\/\/themexicopost.com\/index.php?rest_route=\/wp\/v2\/types\/post"}],"author":[{"embeddable":true,"href":"https:\/\/themexicopost.com\/index.php?rest_route=\/wp\/v2\/users\/1"}],"replies":[{"embeddable":true,"href":"https:\/\/themexicopost.com\/index.php?rest_route=%2Fwp%2Fv2%2Fcomments&post=80210"}],"version-history":[{"count":1,"href":"https:\/\/themexicopost.com\/index.php?rest_route=\/wp\/v2\/posts\/80210\/revisions"}],"predecessor-version":[{"id":80216,"href":"https:\/\/themexicopost.com\/index.php?rest_route=\/wp\/v2\/posts\/80210\/revisions\/80216"}],"wp:featuredmedia":[{"embeddable":true,"href":"https:\/\/themexicopost.com\/index.php?rest_route=\/wp\/v2\/media\/80214"}],"wp:attachment":[{"href":"https:\/\/themexicopost.com\/index.php?rest_route=%2Fwp%2Fv2%2Fmedia&parent=80210"}],"wp:term":[{"taxonomy":"category","embeddable":true,"href":"https:\/\/themexicopost.com\/index.php?rest_route=%2Fwp%2Fv2%2Fcategories&post=80210"},{"taxonomy":"post_tag","embeddable":true,"href":"https:\/\/themexicopost.com\/index.php?rest_route=%2Fwp%2Fv2%2Ftags&post=80210"}],"curies":[{"name":"wp","href":"https:\/\/api.w.org\/{rel}","templated":true}]}}