{"id":80230,"date":"2026-04-24T06:52:36","date_gmt":"2026-04-24T12:52:36","guid":{"rendered":"https:\/\/themexicopost.com\/?p=80230"},"modified":"2026-04-24T06:52:45","modified_gmt":"2026-04-24T12:52:45","slug":"en-colombia-existen-casi-40-000-personas-confinadas-por-conflicto","status":"publish","type":"post","link":"https:\/\/themexicopost.com\/?p=80230","title":{"rendered":"En Colombia existen casi 40.000 personas confinadas por conflicto"},"content":{"rendered":"\n<figure class=\"wp-block-pullquote\"><blockquote><p>Los grupos armados ilegales restringen la movilidad y el acceso a derechos b\u00e1sicos de las comunidades, advirtieron dos organismos.<\/p><\/blockquote><\/figure>\n\n\n\n<p class=\"has-drop-cap\">Unas 40.000 personas se vieron obligadas a confinarse en Colombia en el primer semestre de 2026 para proteger su vida en el conflicto armado, denunciaron la Defensor\u00eda del Pueblo y la Agencia de la ONU para los Refugiados (Acnur).<br><\/p>\n\n\n\n<p>Una proporci\u00f3n significativa de los eventos de confinamiento afecta a comunidades ind\u00edgenas y afrodescendientes, cuyos territorios presentan mayores niveles de aislamiento, precariedad institucional y dependencia de la movilidad para la subsistencia, lo que agrava el riesgo humanitario y limita la pervivencia cultural, expres\u00f3 la defensora del pueblo, Iris Mar\u00edn.<br><\/p>\n\n\n\n<p>Seg\u00fan los organismos, la fragmentaci\u00f3n e intensificaci\u00f3n del conflicto armado han provocado un aumento significativo de casos de confinamiento.<br><\/p>\n\n\n\n<p>Los 10 departamentos m\u00e1s afectados son Cauca, Choc\u00f3, Caquet\u00e1, Antioquia, Bol\u00edvar, Norte de Santander, Putumayo, Magdalena, Meta y Guan\u00eda; son los departamentos donde la problem\u00e1tica ha cobrado m\u00e1s fuerza.<br><\/p>\n\n\n\n<p>Los grupos armados ilegales restringen la movilidad y limitan el acceso a derechos b\u00e1sicos de las comunidades afectadas, en hechos que pueden prolongarse durante semanas o meses.<br><\/p>\n\n\n\n<p>El confinamiento, seg\u00fan los organismos, pone en riesgo la supervivencia de comunidades enteras, afecta su relaci\u00f3n con el territorio, vulnera sus pr\u00e1cticas ancestrales y restringe el ejercicio de los derechos fundamentales a la salud, la educaci\u00f3n, la alimentaci\u00f3n y la vivienda.<br><\/p>\n\n\n\n<p>La defensora Mar\u00edn expres\u00f3, por su parte, que si bien se registran esfuerzos por mantener la atenci\u00f3n a la poblaci\u00f3n confinada, la respuesta institucional contin\u00faa siendo insuficiente, fragmentada y en muchos casos tard\u00eda.<\/p>\n","protected":false},"excerpt":{"rendered":"<p>Los grupos armados ilegales restringen la movilidad y el acceso a derechos b\u00e1sicos de las comunidades, advirtieron dos organismos. Unas 40.000 personas se vieron obligadas a confinarse en Colombia en el primer semestre de 2026 para proteger su vida en el conflicto armado, denunciaron la Defensor\u00eda del Pueblo y la Agencia de la ONU para [&hellip;]<\/p>\n","protected":false},"author":1,"featured_media":80234,"comment_status":"closed","ping_status":"closed","sticky":false,"template":"","format":"standard","meta":{"footnotes":""},"categories":[83,80],"tags":[],"class_list":["post-80230","post","type-post","status-publish","format-standard","has-post-thumbnail","hentry","category-destacado","category-mundo"],"_links":{"self":[{"href":"https:\/\/themexicopost.com\/index.php?rest_route=\/wp\/v2\/posts\/80230","targetHints":{"allow":["GET"]}}],"collection":[{"href":"https:\/\/themexicopost.com\/index.php?rest_route=\/wp\/v2\/posts"}],"about":[{"href":"https:\/\/themexicopost.com\/index.php?rest_route=\/wp\/v2\/types\/post"}],"author":[{"embeddable":true,"href":"https:\/\/themexicopost.com\/index.php?rest_route=\/wp\/v2\/users\/1"}],"replies":[{"embeddable":true,"href":"https:\/\/themexicopost.com\/index.php?rest_route=%2Fwp%2Fv2%2Fcomments&post=80230"}],"version-history":[{"count":1,"href":"https:\/\/themexicopost.com\/index.php?rest_route=\/wp\/v2\/posts\/80230\/revisions"}],"predecessor-version":[{"id":80235,"href":"https:\/\/themexicopost.com\/index.php?rest_route=\/wp\/v2\/posts\/80230\/revisions\/80235"}],"wp:featuredmedia":[{"embeddable":true,"href":"https:\/\/themexicopost.com\/index.php?rest_route=\/wp\/v2\/media\/80234"}],"wp:attachment":[{"href":"https:\/\/themexicopost.com\/index.php?rest_route=%2Fwp%2Fv2%2Fmedia&parent=80230"}],"wp:term":[{"taxonomy":"category","embeddable":true,"href":"https:\/\/themexicopost.com\/index.php?rest_route=%2Fwp%2Fv2%2Fcategories&post=80230"},{"taxonomy":"post_tag","embeddable":true,"href":"https:\/\/themexicopost.com\/index.php?rest_route=%2Fwp%2Fv2%2Ftags&post=80230"}],"curies":[{"name":"wp","href":"https:\/\/api.w.org\/{rel}","templated":true}]}}