{"id":80242,"date":"2026-04-24T06:57:27","date_gmt":"2026-04-24T12:57:27","guid":{"rendered":"https:\/\/themexicopost.com\/?p=80242"},"modified":"2026-04-24T06:57:48","modified_gmt":"2026-04-24T12:57:48","slug":"medico-que-atendio-a-maradona-estimo-que-estuvo-muerto-durante-horas","status":"publish","type":"post","link":"https:\/\/themexicopost.com\/?p=80242","title":{"rendered":"M\u00e9dico que atendi\u00f3 a Maradona estim\u00f3 que estuvo muerto durante horas"},"content":{"rendered":"\n<figure class=\"wp-block-pullquote\"><blockquote><p>-Pinto se mantuvo fiel al testimonio brindado en el primer juicio, anulado en mayo de 2025 por el mal accionar de una de las juezas.<\/p><\/blockquote><\/figure>\n\n\n\n<p class=\"has-drop-cap\">Juan Carlos Pinto, el m\u00e9dico que firm\u00f3 el certificado de defunci\u00f3n de Diego Armando Maradona, declar\u00f3 en el juicio por el fallecimiento del astro y afirm\u00f3 que, a su llegada, el paciente presentaba signos de rigidez mandibular y livideces cadav\u00e9ricas, manchas viol\u00e1ceas que se producen en el cuerpo aproximadamente dos horas despu\u00e9s de la muerte.<br><\/p>\n\n\n\n<p>Pinto es m\u00e9dico de la empresa especializada en emergencias m\u00e9dicas +Vida y fue quien arrib\u00f3 en la primera ambulancia que asisti\u00f3 al domicilio, intent\u00f3 reanimar al astro y firm\u00f3 su certificado de defunci\u00f3n.<br><\/p>\n\n\n\n<p>Tras recibir un c\u00f3digo rojo a las 12:15 del mediod\u00eda de aquel 25 de noviembre de 2020, Pinto arrib\u00f3 al domicilio y encontr\u00f3 a Maradona sin vida, declar\u00f3.<br><\/p>\n\n\n\n<p>Las livideces se fijan entre las cinco y las seis horas. Si falleci\u00f3 hace poquito y uno rota el cuerpo, las livideces pueden ir hacia otro lado del cuerpo. En este caso no, a\u00f1adi\u00f3.<br><\/p>\n\n\n\n<p>El m\u00e9dico explic\u00f3 adem\u00e1s que al llegar al lugar se encontr\u00f3 con un paciente obeso, muy edematizado, la cara muy hinchada, los miembros edematizados, especialmente los miembros inferiores, el abdomen globuloso.<br><\/p>\n\n\n\n<p>Pinto se mantuvo fiel al testimonio brindado en el primer juicio, anulado en mayo de 2025 por el mal accionar de una de las juezas, y asegur\u00f3 que la hinchaz\u00f3n edem\u00e1tica que presentaba Maradona se produce con el paso de varias horas o hasta d\u00edas.<br><\/p>\n\n\n\n<p>Maradona muri\u00f3 a causa de un edema agudo de pulm\u00f3n secundario a una insuficiencia card\u00edaca cr\u00f3nica reagudizada, seg\u00fan la autopsia.<br><\/p>\n\n\n\n<p>El fiscal Patricio Ferrari asegur\u00f3 en la apertura del juicio que existieron m\u00faltiples alarmas que los m\u00e9dicos imputados decidieron no escuchar.<br><\/p>\n\n\n\n<p>Gianinna Maradona, una de las hijas del \u00eddolo argentino, afirm\u00f3 haber advertido al m\u00e9dico de cabecera de su padre, el neurocirujano Leopoldo Luque, sobre la hinchaz\u00f3n que observaba en su padre.<br><\/p>\n\n\n\n<p>El m\u00e9dico que certific\u00f3 el fallecimiento de Maradona estima que estuvo muerto durante horas<br><\/p>\n\n\n\n<p>En este juicio est\u00e1n imputados tambi\u00e9n la psiquiatra Agustina Cosachov, el psicoanalista Carlos D\u00edaz, la doctora y coordinadora de la empresa Swiss Medical Nancy Forlini, el m\u00e9dico Pedro Di Spagna, el coordinador de enfermeros Mariano Perroni y el enfermero Ricardo Almir\u00f3n, todos acusados de homicidio simple con dolo eventual.<\/p>\n","protected":false},"excerpt":{"rendered":"<p>-Pinto se mantuvo fiel al testimonio brindado en el primer juicio, anulado en mayo de 2025 por el mal accionar de una de las juezas. Juan Carlos Pinto, el m\u00e9dico que firm\u00f3 el certificado de defunci\u00f3n de Diego Armando Maradona, declar\u00f3 en el juicio por el fallecimiento del astro y afirm\u00f3 que, a su llegada, [&hellip;]<\/p>\n","protected":false},"author":1,"featured_media":80246,"comment_status":"closed","ping_status":"closed","sticky":false,"template":"","format":"standard","meta":{"footnotes":""},"categories":[83,80],"tags":[],"class_list":["post-80242","post","type-post","status-publish","format-standard","has-post-thumbnail","hentry","category-destacado","category-mundo"],"_links":{"self":[{"href":"https:\/\/themexicopost.com\/index.php?rest_route=\/wp\/v2\/posts\/80242","targetHints":{"allow":["GET"]}}],"collection":[{"href":"https:\/\/themexicopost.com\/index.php?rest_route=\/wp\/v2\/posts"}],"about":[{"href":"https:\/\/themexicopost.com\/index.php?rest_route=\/wp\/v2\/types\/post"}],"author":[{"embeddable":true,"href":"https:\/\/themexicopost.com\/index.php?rest_route=\/wp\/v2\/users\/1"}],"replies":[{"embeddable":true,"href":"https:\/\/themexicopost.com\/index.php?rest_route=%2Fwp%2Fv2%2Fcomments&post=80242"}],"version-history":[{"count":1,"href":"https:\/\/themexicopost.com\/index.php?rest_route=\/wp\/v2\/posts\/80242\/revisions"}],"predecessor-version":[{"id":80247,"href":"https:\/\/themexicopost.com\/index.php?rest_route=\/wp\/v2\/posts\/80242\/revisions\/80247"}],"wp:featuredmedia":[{"embeddable":true,"href":"https:\/\/themexicopost.com\/index.php?rest_route=\/wp\/v2\/media\/80246"}],"wp:attachment":[{"href":"https:\/\/themexicopost.com\/index.php?rest_route=%2Fwp%2Fv2%2Fmedia&parent=80242"}],"wp:term":[{"taxonomy":"category","embeddable":true,"href":"https:\/\/themexicopost.com\/index.php?rest_route=%2Fwp%2Fv2%2Fcategories&post=80242"},{"taxonomy":"post_tag","embeddable":true,"href":"https:\/\/themexicopost.com\/index.php?rest_route=%2Fwp%2Fv2%2Ftags&post=80242"}],"curies":[{"name":"wp","href":"https:\/\/api.w.org\/{rel}","templated":true}]}}