{"id":80304,"date":"2026-04-27T06:43:48","date_gmt":"2026-04-27T12:43:48","guid":{"rendered":"https:\/\/themexicopost.com\/?p=80304"},"modified":"2026-04-27T06:43:52","modified_gmt":"2026-04-27T12:43:52","slug":"uaemex-impulsa-la-creatividad-infantil-y-juvenil-con-seeds-of-change-paty-zarza","status":"publish","type":"post","link":"https:\/\/themexicopost.com\/?p=80304","title":{"rendered":"UAEM\u00e9x impulsa la creatividad infantil y juvenil con &#8220;Seeds of Change&#8221;: Paty Zarza"},"content":{"rendered":"\n<figure class=\"wp-block-pullquote\"><blockquote><p>La rectora destac\u00f3 que el aprendizaje de un segundo idioma es una herramienta que abre un sinf\u00edn de posibilidades acad\u00e9micas, profesionales y personales.<\/p><\/blockquote><\/figure>\n\n\n\n<p class=\"has-drop-cap\">En el marco del mes dedicado a la celebraci\u00f3n de la infancia y la lectura, las comunidades infantil y juvenil auriverdes presentaron cuentos cortos que siembran ideas y fomentan la conciencia, como parte de \u201cSeeds of Change\u201d, iniciativa del Centro Internacional de Lengua y Cultura (CILC) de la Universidad Aut\u00f3noma del Estado de M\u00e9xico (UAEM\u00e9x).<br><\/p>\n\n\n\n<p>En esta edici\u00f3n, las y los ganadores de la categor\u00eda infantil fueron Luciano Serrano Fuentes, David Emanuel Pineda Quintana, Alma Zoe Ruiz Villanueva, Leah Jatniel \u00c1lvarez Ochoa y Miguel Santiago Ger\u00f3nimo Hern\u00e1ndez. En la categor\u00eda juvenil, las ganadoras fueron Julieta Victoria Salas Franco, Fernanda Astrid Flores Medero Jim\u00e9nez, Fernanda Rangel Moreno, Ana Edith Mulia Salgado y Valentina Obreg\u00f3n Salazar.<br><\/p>\n\n\n\n<p>En el evento, la rectora Martha Patricia Zarza Delgado destac\u00f3 que, como parte del proceso de Transformaci\u00f3n Universitaria, el CILC evoluciona hacia esquemas m\u00e1s flexibles que permiten ampliar la participaci\u00f3n estudiantil y fortalecer su involucramiento en actividades formativas.<br><\/p>\n\n\n\n<p>Acompa\u00f1ada por la secretaria de Vinculaci\u00f3n, Extensi\u00f3n y Promoci\u00f3n de la Empleabilidad, Mariana Ortiz Reynoso, y la directora del CILC, Noelia Romero Reyes, la rectora subray\u00f3 que las historias presentadas invitan a reflexionar sobre la importancia de revalorar las habilidades de escritura e imaginaci\u00f3n a trav\u00e9s del idioma ingl\u00e9s, cuyo aprendizaje representa una herramienta clave para ampliar las oportunidades acad\u00e9micas, profesionales y personales.<br><\/p>\n\n\n\n<p>Asimismo, enfatiz\u00f3 que este tipo de iniciativas abre espacios de participaci\u00f3n para distintos sectores de la sociedad, particularmente para ni\u00f1as, ni\u00f1os y adolescentes, fortaleciendo as\u00ed su desarrollo integral.<br><\/p>\n\n\n\n<p>\u201cNuestra transformaci\u00f3n consiste en retomar nuestra vocaci\u00f3n social y comunitaria, para que el conocimiento y los aprendizajes generados est\u00e9n al servicio de las y los mexiquenses\u201d, puntualiz\u00f3.<br><\/p>\n\n\n\n<p>Por su parte, Ortiz Reynoso resalt\u00f3 que \u201cSeeds of Change\u201d promueve en el estudiantado la curiosidad y la capacidad de narrar sus historias a trav\u00e9s de otros idiomas y contextos culturales.<br><\/p>\n\n\n\n<p>A\u00f1adi\u00f3 que el CILC atiende actualmente a 603 estudiantes de entre 7 y 14 a\u00f1os, quienes forman parte de una comunidad caracterizada por su diversidad, colaboraci\u00f3n y el impacto positivo en sus entornos.<\/p>\n","protected":false},"excerpt":{"rendered":"<p>La rectora destac\u00f3 que el aprendizaje de un segundo idioma es una herramienta que abre un sinf\u00edn de posibilidades acad\u00e9micas, profesionales y personales. En el marco del mes dedicado a la celebraci\u00f3n de la infancia y la lectura, las comunidades infantil y juvenil auriverdes presentaron cuentos cortos que siembran ideas y fomentan la conciencia, como [&hellip;]<\/p>\n","protected":false},"author":1,"featured_media":80308,"comment_status":"closed","ping_status":"closed","sticky":false,"template":"","format":"standard","meta":{"footnotes":""},"categories":[81],"tags":[],"class_list":["post-80304","post","type-post","status-publish","format-standard","has-post-thumbnail","hentry","category-nacional"],"_links":{"self":[{"href":"https:\/\/themexicopost.com\/index.php?rest_route=\/wp\/v2\/posts\/80304","targetHints":{"allow":["GET"]}}],"collection":[{"href":"https:\/\/themexicopost.com\/index.php?rest_route=\/wp\/v2\/posts"}],"about":[{"href":"https:\/\/themexicopost.com\/index.php?rest_route=\/wp\/v2\/types\/post"}],"author":[{"embeddable":true,"href":"https:\/\/themexicopost.com\/index.php?rest_route=\/wp\/v2\/users\/1"}],"replies":[{"embeddable":true,"href":"https:\/\/themexicopost.com\/index.php?rest_route=%2Fwp%2Fv2%2Fcomments&post=80304"}],"version-history":[{"count":1,"href":"https:\/\/themexicopost.com\/index.php?rest_route=\/wp\/v2\/posts\/80304\/revisions"}],"predecessor-version":[{"id":80309,"href":"https:\/\/themexicopost.com\/index.php?rest_route=\/wp\/v2\/posts\/80304\/revisions\/80309"}],"wp:featuredmedia":[{"embeddable":true,"href":"https:\/\/themexicopost.com\/index.php?rest_route=\/wp\/v2\/media\/80308"}],"wp:attachment":[{"href":"https:\/\/themexicopost.com\/index.php?rest_route=%2Fwp%2Fv2%2Fmedia&parent=80304"}],"wp:term":[{"taxonomy":"category","embeddable":true,"href":"https:\/\/themexicopost.com\/index.php?rest_route=%2Fwp%2Fv2%2Fcategories&post=80304"},{"taxonomy":"post_tag","embeddable":true,"href":"https:\/\/themexicopost.com\/index.php?rest_route=%2Fwp%2Fv2%2Ftags&post=80304"}],"curies":[{"name":"wp","href":"https:\/\/api.w.org\/{rel}","templated":true}]}}