{"id":8031,"date":"2023-04-11T13:46:40","date_gmt":"2023-04-11T13:46:40","guid":{"rendered":"https:\/\/themexicopost.com\/?p=8031"},"modified":"2023-04-11T13:46:41","modified_gmt":"2023-04-11T13:46:41","slug":"firma-biden-ley-para-dar-fin-a-emergencia-sanitaria-por-covid-19","status":"publish","type":"post","link":"https:\/\/themexicopost.com\/?p=8031","title":{"rendered":"FIRMA BIDEN LEY PARA DAR FIN A EMERGENCIA SANITARIA POR COVID-19"},"content":{"rendered":"\n<figure class=\"wp-block-pullquote\"><blockquote><p>La normativa fue aprobada el pasado 31 de enero por la C\u00e1mara de Representantes y se prev\u00e9 que su entrada en vigor sea a partir del pr\u00f3ximo 11 de mayo.<\/p><\/blockquote><\/figure>\n\n\n\n<p class=\"has-drop-cap wp-block-paragraph\">El presidente de Estados Unidos, Joe Biden, firm\u00f3 este lunes una ley que da por finalizada la emergencia sanitaria declarada por la covid-19, inform\u00f3 la Casa Blanca.<br><\/p>\n\n\n\n<p class=\"wp-block-paragraph\">La emergencia nacional le permit\u00eda al gobierno tomar medidas radicales para hacer frente al coronavirus y brindar respaldo a los sistemas econ\u00f3micos, de salud y bienestar del pa\u00eds. Algunas de las medidas de emergencia ya se desmantelaron con \u00e9xito, mientras que otras siguen siendo eliminadas gradualmente. La emergencia de salud p\u00fablica \u2014 que sustenta estrictas restricciones migratorias en la frontera con M\u00e9xico \u2014 est\u00e1 programada a finalizar el 11 de mayo.<br><\/p>\n\n\n\n<p class=\"wp-block-paragraph\">La Casa Blanca emiti\u00f3 un comunicado de una sola l\u00ednea el lunes en el que se\u00f1al\u00f3 que Biden hab\u00eda firmado la medida a puertas cerradas, despu\u00e9s de que se opuso p\u00fablicamente a la resoluci\u00f3n, aunque no al grado de interponer un veto. M\u00e1s de 197 representantes dem\u00f3cratas votaron en contra cuando la c\u00e1mara baja, controlada por los republicanos, la aprob\u00f3 en febrero. Luego de que la medida fue aprobada en el Senado el mes pasado con una votaci\u00f3n de 68-23, Biden les hizo saber a los legisladores que firmar\u00eda la iniciativa.<br><\/p>\n\n\n\n<figure class=\"wp-block-image size-large\"><img fetchpriority=\"high\" decoding=\"async\" width=\"1024\" height=\"683\" src=\"https:\/\/themexicopost.com\/wp-content\/uploads\/2023\/04\/FIRMA-2-1024x683.jpg\" alt=\"\" class=\"wp-image-8033\" srcset=\"https:\/\/themexicopost.com\/wp-content\/uploads\/2023\/04\/FIRMA-2-1024x683.jpg 1024w, https:\/\/themexicopost.com\/wp-content\/uploads\/2023\/04\/FIRMA-2-300x200.jpg 300w, https:\/\/themexicopost.com\/wp-content\/uploads\/2023\/04\/FIRMA-2-768x512.jpg 768w, https:\/\/themexicopost.com\/wp-content\/uploads\/2023\/04\/FIRMA-2-330x220.jpg 330w, https:\/\/themexicopost.com\/wp-content\/uploads\/2023\/04\/FIRMA-2-420x280.jpg 420w, https:\/\/themexicopost.com\/wp-content\/uploads\/2023\/04\/FIRMA-2-615x410.jpg 615w, https:\/\/themexicopost.com\/wp-content\/uploads\/2023\/04\/FIRMA-2-860x573.jpg 860w, https:\/\/themexicopost.com\/wp-content\/uploads\/2023\/04\/FIRMA-2.jpg 1200w\" sizes=\"(max-width: 1024px) 100vw, 1024px\" \/><\/figure>\n\n\n\n<p class=\"wp-block-paragraph\">Una vez que qued\u00f3 claro que el Congreso estaba tomando medidas para acelerar el fin de la emergencia nacional, el gobierno dijo que realiz\u00f3 labores para apresurar los preparativos en las agencias con el fin de que regresaran a los procedimientos normales. Los cambios incluyen que el programa de moratoria hipotecaria por COVID del Departamento de Vivienda y Desarrollo Urbano expirar\u00e1 a finales de mayo, y que el Departamento de Asuntos de Veteranos volver\u00e1 a requerir las visitas presenciales a las casas con el fin de determinar si la persona es elegible para obtener cuidados asistidos.<br><\/p>\n\n\n\n<p class=\"wp-block-paragraph\">El a\u00f1o pasado, los legisladores extendieron dos a\u00f1os m\u00e1s las flexibilidades de salud a distancia que se implementaron con la llegada del COVID-19, lo que llev\u00f3 a los sistemas de salud de todo el pa\u00eds a brindar atenci\u00f3n de forma regular v\u00eda smartphones o computadora.a finales de enero su intenci\u00f3n de dejar de considerar el covid-19 una emergencia nacional el 11 de mayo, para evitar este tipo de consecuencias perjudiciales.<br><\/p>\n\n\n\n<p class=\"wp-block-paragraph\">Entre ellas, la administraci\u00f3n dem\u00f3crata se\u00f1al\u00f3 un fin abrupto del T\u00edtulo 42, una controvertida norma sanitaria que permite expulsiones en caliente de migrantes en la frontera con la excusa de la pandemia.<br><\/p>\n\n\n\n<p class=\"wp-block-paragraph\">El Gobierno dem\u00f3crata ha mantenido el 11 de mayo como la fecha en la que planea levantar la restricci\u00f3n migratoria.<\/p>\n","protected":false},"excerpt":{"rendered":"<p>La normativa fue aprobada el pasado 31 de enero por la C\u00e1mara de Representantes y se prev\u00e9 que su entrada en vigor sea a partir del pr\u00f3ximo 11 de mayo. El presidente de Estados Unidos, Joe Biden, firm\u00f3 este lunes una ley que da por finalizada la emergencia sanitaria declarada por la covid-19, inform\u00f3 la [&hellip;]<\/p>\n","protected":false},"author":1,"featured_media":8032,"comment_status":"closed","ping_status":"closed","sticky":false,"template":"","format":"standard","meta":{"footnotes":""},"categories":[83,85],"tags":[],"class_list":["post-8031","post","type-post","status-publish","format-standard","has-post-thumbnail","hentry","category-destacado","category-portada"],"_links":{"self":[{"href":"https:\/\/themexicopost.com\/index.php?rest_route=\/wp\/v2\/posts\/8031","targetHints":{"allow":["GET"]}}],"collection":[{"href":"https:\/\/themexicopost.com\/index.php?rest_route=\/wp\/v2\/posts"}],"about":[{"href":"https:\/\/themexicopost.com\/index.php?rest_route=\/wp\/v2\/types\/post"}],"author":[{"embeddable":true,"href":"https:\/\/themexicopost.com\/index.php?rest_route=\/wp\/v2\/users\/1"}],"replies":[{"embeddable":true,"href":"https:\/\/themexicopost.com\/index.php?rest_route=%2Fwp%2Fv2%2Fcomments&post=8031"}],"version-history":[{"count":1,"href":"https:\/\/themexicopost.com\/index.php?rest_route=\/wp\/v2\/posts\/8031\/revisions"}],"predecessor-version":[{"id":8034,"href":"https:\/\/themexicopost.com\/index.php?rest_route=\/wp\/v2\/posts\/8031\/revisions\/8034"}],"wp:featuredmedia":[{"embeddable":true,"href":"https:\/\/themexicopost.com\/index.php?rest_route=\/wp\/v2\/media\/8032"}],"wp:attachment":[{"href":"https:\/\/themexicopost.com\/index.php?rest_route=%2Fwp%2Fv2%2Fmedia&parent=8031"}],"wp:term":[{"taxonomy":"category","embeddable":true,"href":"https:\/\/themexicopost.com\/index.php?rest_route=%2Fwp%2Fv2%2Fcategories&post=8031"},{"taxonomy":"post_tag","embeddable":true,"href":"https:\/\/themexicopost.com\/index.php?rest_route=%2Fwp%2Fv2%2Ftags&post=8031"}],"curies":[{"name":"wp","href":"https:\/\/api.w.org\/{rel}","templated":true}]}}