{"id":80331,"date":"2026-04-27T07:01:54","date_gmt":"2026-04-27T13:01:54","guid":{"rendered":"https:\/\/themexicopost.com\/?p=80331"},"modified":"2026-04-27T07:02:03","modified_gmt":"2026-04-27T13:02:03","slug":"atentados-en-colombia-dejan-un-saldo-de-20-personas-muertas","status":"publish","type":"post","link":"https:\/\/themexicopost.com\/?p=80331","title":{"rendered":"Atentados en Colombia dejan un saldo de 20 personas muertas"},"content":{"rendered":"\n<figure class=\"wp-block-pullquote\"><blockquote><p>Explosi\u00f3n reaviva el conflicto armado y polariza la campa\u00f1a presidencial.<\/p><\/blockquote><\/figure>\n\n\n\n<p class=\"has-drop-cap\">A tan solo semanas de las elecciones presidenciales, Colombia enfrenta un nuevo episodio de violencia que ha sacudido el panorama pol\u00edtico y social del pa\u00eds. Un ataque con explosivos en el departamento del Cauca dej\u00f3 al menos 20 civiles muertos, en un hecho atribuido a disidencias armadas.<br><\/p>\n\n\n\n<p>El atentado no solo ha generado indignaci\u00f3n nacional, sino que tambi\u00e9n ha intensificado la confrontaci\u00f3n entre los principales candidatos, quienes han intercambiado acusaciones sobre las causas del deterioro en la seguridad.<br><\/p>\n\n\n\n<p>El candidato oficialista Iv\u00e1n Cepeda conden\u00f3 los hechos, pero sugiri\u00f3 que podr\u00edan formar parte de una estrategia para influir en el proceso electoral, mientras que la opositora Paloma Valencia responsabiliz\u00f3 directamente a la pol\u00edtica de paz total del gobierno.<br><\/p>\n\n\n\n<p>Otros aspirantes, como Sergio Fajardo, han llamado a revisar las estrategias de seguridad, mientras que figuras como el expresidente Iv\u00e1n Duque han criticado lo que consideran un debilitamiento del Estado frente a grupos armados.<br><\/p>\n\n\n\n<p>El contexto refleja la persistencia del conflicto armado en Colombia y los desaf\u00edos que enfrenta el pa\u00eds para avanzar hacia una paz duradera.<\/p>\n","protected":false},"excerpt":{"rendered":"<p>Explosi\u00f3n reaviva el conflicto armado y polariza la campa\u00f1a presidencial. A tan solo semanas de las elecciones presidenciales, Colombia enfrenta un nuevo episodio de violencia que ha sacudido el panorama pol\u00edtico y social del pa\u00eds. Un ataque con explosivos en el departamento del Cauca dej\u00f3 al menos 20 civiles muertos, en un hecho atribuido a [&hellip;]<\/p>\n","protected":false},"author":1,"featured_media":80336,"comment_status":"closed","ping_status":"closed","sticky":false,"template":"","format":"standard","meta":{"footnotes":""},"categories":[80],"tags":[],"class_list":["post-80331","post","type-post","status-publish","format-standard","has-post-thumbnail","hentry","category-mundo"],"_links":{"self":[{"href":"https:\/\/themexicopost.com\/index.php?rest_route=\/wp\/v2\/posts\/80331","targetHints":{"allow":["GET"]}}],"collection":[{"href":"https:\/\/themexicopost.com\/index.php?rest_route=\/wp\/v2\/posts"}],"about":[{"href":"https:\/\/themexicopost.com\/index.php?rest_route=\/wp\/v2\/types\/post"}],"author":[{"embeddable":true,"href":"https:\/\/themexicopost.com\/index.php?rest_route=\/wp\/v2\/users\/1"}],"replies":[{"embeddable":true,"href":"https:\/\/themexicopost.com\/index.php?rest_route=%2Fwp%2Fv2%2Fcomments&post=80331"}],"version-history":[{"count":1,"href":"https:\/\/themexicopost.com\/index.php?rest_route=\/wp\/v2\/posts\/80331\/revisions"}],"predecessor-version":[{"id":80337,"href":"https:\/\/themexicopost.com\/index.php?rest_route=\/wp\/v2\/posts\/80331\/revisions\/80337"}],"wp:featuredmedia":[{"embeddable":true,"href":"https:\/\/themexicopost.com\/index.php?rest_route=\/wp\/v2\/media\/80336"}],"wp:attachment":[{"href":"https:\/\/themexicopost.com\/index.php?rest_route=%2Fwp%2Fv2%2Fmedia&parent=80331"}],"wp:term":[{"taxonomy":"category","embeddable":true,"href":"https:\/\/themexicopost.com\/index.php?rest_route=%2Fwp%2Fv2%2Fcategories&post=80331"},{"taxonomy":"post_tag","embeddable":true,"href":"https:\/\/themexicopost.com\/index.php?rest_route=%2Fwp%2Fv2%2Ftags&post=80331"}],"curies":[{"name":"wp","href":"https:\/\/api.w.org\/{rel}","templated":true}]}}