{"id":80334,"date":"2026-04-27T07:03:14","date_gmt":"2026-04-27T13:03:14","guid":{"rendered":"https:\/\/themexicopost.com\/?p=80334"},"modified":"2026-04-27T07:03:27","modified_gmt":"2026-04-27T13:03:27","slug":"grossi-defiende-una-onu-mas-pragmatica-para-afrontar-la-falta-de-confianza-global","status":"publish","type":"post","link":"https:\/\/themexicopost.com\/?p=80334","title":{"rendered":"Grossi defiende una ONU m\u00e1s pragm\u00e1tica para afrontar la falta de confianza global"},"content":{"rendered":"\n<figure class=\"wp-block-pullquote\"><blockquote><p>A\u00f1ade que el desarrollo est\u00e1 directamente vinculado a la estabilidad global, mientras que los derechos humanos son inseparables de los otros dos pilares, especialmente en contextos de conflicto armado.<\/p><\/blockquote><\/figure>\n\n\n\n<p class=\"has-drop-cap\">El diplom\u00e1tico argentino Rafael Grossi, director general del Organismo Internacional de Energ\u00eda At\u00f3mica (OIEA) y candidato a secretario general de la ONU, cree que la organizaci\u00f3n necesita ser m\u00e1s pragm\u00e1tica y conf\u00eda en su visi\u00f3n de 360 grados sobre los grandes desaf\u00edos globales para suceder a Ant\u00f3nio Guterres a finales de este a\u00f1o.<br><\/p>\n\n\n\n<p>Grossi sostiene que el pr\u00f3ximo jefe de la ONU debe adoptar un pragmatismo no amoral, pero orientado a resultados y a la resoluci\u00f3n de crisis, y que \u00e9l recuperar\u00eda la idea de Naciones Unidas como un espacio de construcci\u00f3n de puentes y no de confrontaci\u00f3n entre bloques.<br><\/p>\n\n\n\n<p>&#8220;La ONU no est\u00e1 para debatir principios de forma abstracta, sino para resolver problemas concretos&#8221;, insiste Grossi tras presentar esta semana su candidatura en la sede del organismo en Nueva York.<br><\/p>\n\n\n\n<p>Subraya que no se trata de elegir entre principios o eficacia, sino de demostrar que los principios solo sobreviven si son eficaces.<br><\/p>\n\n\n\n<p>La ONU no puede ser una panacea, porque no lo ser\u00e1, no tiene una soluci\u00f3n m\u00e1gica para todos los problemas que afectan al planeta, pero s\u00ed puede ser un actor capaz de modificar la realidad en el buen sentido, asevera.<br><\/p>\n\n\n\n<p>Grossi vincula las dificultades financieras de la organizaci\u00f3n a esa p\u00e9rdida de confianza. En su opini\u00f3n, existe una creciente percepci\u00f3n de dispersi\u00f3n\u00bb, con \u00abm\u00faltiples frentes abiertos que han debilitado su eficacia.<br><\/p>\n\n\n\n<p>Para ello, cree necesario recuperar las prioridades originales de la Carta de Naciones Unidas, en la que la paz y la seguridad internacional deben ser el eje central del sistema.<br><\/p>\n\n\n\n<p>A\u00f1ade que el desarrollo est\u00e1 directamente vinculado a la estabilidad global, mientras que los derechos humanos son inseparables de los otros dos pilares, especialmente en contextos de conflicto armado.<br><\/p>\n\n\n\n<p>Sobre una hipot\u00e9tica reforma del Consejo de Seguridad, el diplom\u00e1tico argentino reconoce que es un debate complejo, de largo recorrido\u00bb en el que el secretario general tiene \u00abun papel limitado.<br><\/p>\n\n\n\n<p>Grossi compite con la chilena Michelle Bachelet, la costarricense Rebeca Grynspan y el senegal\u00e9s Macky Sall, en un proceso en el que numerosas voces han reclamado que la pr\u00f3xima persona al frente de la ONU sea una mujer.<br><\/p>\n\n\n\n<p>Grossi, con m\u00e1s de 30 a\u00f1os de experiencia diplom\u00e1tica a sus espaldas, afirma que Ir\u00e1n no quiere verse en una situaci\u00f3n de aislamiento internacional comparable a la de otros pa\u00edses que se retiraron del Tratado de No Proliferaci\u00f3n Nuclear, como Corea del Norte, y concluye que en realidad, a ninguna de las partes le interesa una escalada del conflicto.<\/p>\n","protected":false},"excerpt":{"rendered":"<p>A\u00f1ade que el desarrollo est\u00e1 directamente vinculado a la estabilidad global, mientras que los derechos humanos son inseparables de los otros dos pilares, especialmente en contextos de conflicto armado. El diplom\u00e1tico argentino Rafael Grossi, director general del Organismo Internacional de Energ\u00eda At\u00f3mica (OIEA) y candidato a secretario general de la ONU, cree que la organizaci\u00f3n [&hellip;]<\/p>\n","protected":false},"author":1,"featured_media":80339,"comment_status":"closed","ping_status":"closed","sticky":false,"template":"","format":"standard","meta":{"footnotes":""},"categories":[83,80],"tags":[],"class_list":["post-80334","post","type-post","status-publish","format-standard","has-post-thumbnail","hentry","category-destacado","category-mundo"],"_links":{"self":[{"href":"https:\/\/themexicopost.com\/index.php?rest_route=\/wp\/v2\/posts\/80334","targetHints":{"allow":["GET"]}}],"collection":[{"href":"https:\/\/themexicopost.com\/index.php?rest_route=\/wp\/v2\/posts"}],"about":[{"href":"https:\/\/themexicopost.com\/index.php?rest_route=\/wp\/v2\/types\/post"}],"author":[{"embeddable":true,"href":"https:\/\/themexicopost.com\/index.php?rest_route=\/wp\/v2\/users\/1"}],"replies":[{"embeddable":true,"href":"https:\/\/themexicopost.com\/index.php?rest_route=%2Fwp%2Fv2%2Fcomments&post=80334"}],"version-history":[{"count":1,"href":"https:\/\/themexicopost.com\/index.php?rest_route=\/wp\/v2\/posts\/80334\/revisions"}],"predecessor-version":[{"id":80340,"href":"https:\/\/themexicopost.com\/index.php?rest_route=\/wp\/v2\/posts\/80334\/revisions\/80340"}],"wp:featuredmedia":[{"embeddable":true,"href":"https:\/\/themexicopost.com\/index.php?rest_route=\/wp\/v2\/media\/80339"}],"wp:attachment":[{"href":"https:\/\/themexicopost.com\/index.php?rest_route=%2Fwp%2Fv2%2Fmedia&parent=80334"}],"wp:term":[{"taxonomy":"category","embeddable":true,"href":"https:\/\/themexicopost.com\/index.php?rest_route=%2Fwp%2Fv2%2Fcategories&post=80334"},{"taxonomy":"post_tag","embeddable":true,"href":"https:\/\/themexicopost.com\/index.php?rest_route=%2Fwp%2Fv2%2Ftags&post=80334"}],"curies":[{"name":"wp","href":"https:\/\/api.w.org\/{rel}","templated":true}]}}