{"id":80341,"date":"2026-04-27T07:06:14","date_gmt":"2026-04-27T13:06:14","guid":{"rendered":"https:\/\/themexicopost.com\/?p=80341"},"modified":"2026-04-27T07:06:29","modified_gmt":"2026-04-27T13:06:29","slug":"kim-jong-un-asegura-que-seguira-apoyando-politicas-de-rusia","status":"publish","type":"post","link":"https:\/\/themexicopost.com\/?p=80341","title":{"rendered":"Kim Jong-un asegura que seguir\u00e1 apoyando pol\u00edticas de Rusia"},"content":{"rendered":"\n<figure class=\"wp-block-pullquote\"><blockquote><p>El ministro de Defensa ruso trat\u00f3 la cooperaci\u00f3n a largo plazo entre Mosc\u00fa y Pyongyang.<\/p><\/blockquote><\/figure>\n\n\n\n<p class=\"has-drop-cap\">El gobernante de Corea del Norte, Kim Jong-un, afirm\u00f3 que su pa\u00eds seguir\u00e1 apoyando las pol\u00edticas de Rusia y que discuti\u00f3 la situaci\u00f3n pol\u00edtica internacional con el ministro de Defensa ruso, seg\u00fan inform\u00f3 la agencia estatal de noticias KCNA.<br><\/p>\n\n\n\n<p>Una delegaci\u00f3n rusa, entre cuyos miembros se encontraba el ministro de Defensa, Andr\u00e9i Belo\u00fasov, asisti\u00f3 a la ceremonia de inauguraci\u00f3n de un monumento en honor a los soldados norcoreanos ca\u00eddos en combate en la regi\u00f3n rusa de Kursk, donde las fuerzas ucranianas llevaron a cabo una incursi\u00f3n en 2024, inform\u00f3 KCNA. Rusia lanz\u00f3 una invasi\u00f3n a gran escala de la vecina Ucrania en febrero de 2022 y sus tropas a\u00fan combaten all\u00ed, habiendo ocupado aproximadamente una quinta parte del pa\u00eds.<br><\/p>\n\n\n\n<p>&#8220;El gobierno norcoreano seguir\u00e1 apoyando plenamente las pol\u00edticas de Rusia para defender su soberan\u00eda, integridad territorial e intereses de seguridad&#8221;, declar\u00f3 Kim Jong-un, seg\u00fan KCNA.<br><\/p>\n\n\n\n<p>Los medios rusos informaron en la v\u00edspera que el ministro Belo\u00fasov se reuni\u00f3 el domingo en Pyongyang con Kim, con el que abord\u00f3 la cooperaci\u00f3n militar a largo plazo entre Rusia y Corea del Norte, informaron medios rusos.<br><\/p>\n\n\n\n<p>Belo\u00fasov dijo a Kim Jong-un que se ha acordado con el Ministerio de Defensa norcoreano establecer una cooperaci\u00f3n sostenible y a largo plazo entre los dos pa\u00edses, seg\u00fan la agencia TASS.<br><\/p>\n\n\n\n<p>Corea del Norte envi\u00f3 aproximadamente 14.000 soldados para combatir junto a las fuerzas rusas en Kursk, tras la firma de un pacto de defensa mutua entre ambos pa\u00edses. Funcionarios surcoreanos, ucranianos y occidentales informaron que m\u00e1s de 6.000 soldados norcoreanos murieron en los combates.<br><\/p>\n\n\n\n<p>Kim Jong-un tambi\u00e9n se reuni\u00f3 con Vyacheslav Volodin, presidente del Parlamento ruso y estrecho aliado del presidente ruso Vlad\u00edmir Putin, y reafirm\u00f3 la intenci\u00f3n de ambos pa\u00edses de profundizar sus lazos bilaterales en consonancia con su tratado de asociaci\u00f3n estrat\u00e9gica integral, seg\u00fan inform\u00f3 la KCNA.<\/p>\n","protected":false},"excerpt":{"rendered":"<p>El ministro de Defensa ruso trat\u00f3 la cooperaci\u00f3n a largo plazo entre Mosc\u00fa y Pyongyang. El gobernante de Corea del Norte, Kim Jong-un, afirm\u00f3 que su pa\u00eds seguir\u00e1 apoyando las pol\u00edticas de Rusia y que discuti\u00f3 la situaci\u00f3n pol\u00edtica internacional con el ministro de Defensa ruso, seg\u00fan inform\u00f3 la agencia estatal de noticias KCNA. Una [&hellip;]<\/p>\n","protected":false},"author":1,"featured_media":80345,"comment_status":"closed","ping_status":"closed","sticky":false,"template":"","format":"standard","meta":{"footnotes":""},"categories":[83,80],"tags":[],"class_list":["post-80341","post","type-post","status-publish","format-standard","has-post-thumbnail","hentry","category-destacado","category-mundo"],"_links":{"self":[{"href":"https:\/\/themexicopost.com\/index.php?rest_route=\/wp\/v2\/posts\/80341","targetHints":{"allow":["GET"]}}],"collection":[{"href":"https:\/\/themexicopost.com\/index.php?rest_route=\/wp\/v2\/posts"}],"about":[{"href":"https:\/\/themexicopost.com\/index.php?rest_route=\/wp\/v2\/types\/post"}],"author":[{"embeddable":true,"href":"https:\/\/themexicopost.com\/index.php?rest_route=\/wp\/v2\/users\/1"}],"replies":[{"embeddable":true,"href":"https:\/\/themexicopost.com\/index.php?rest_route=%2Fwp%2Fv2%2Fcomments&post=80341"}],"version-history":[{"count":1,"href":"https:\/\/themexicopost.com\/index.php?rest_route=\/wp\/v2\/posts\/80341\/revisions"}],"predecessor-version":[{"id":80346,"href":"https:\/\/themexicopost.com\/index.php?rest_route=\/wp\/v2\/posts\/80341\/revisions\/80346"}],"wp:featuredmedia":[{"embeddable":true,"href":"https:\/\/themexicopost.com\/index.php?rest_route=\/wp\/v2\/media\/80345"}],"wp:attachment":[{"href":"https:\/\/themexicopost.com\/index.php?rest_route=%2Fwp%2Fv2%2Fmedia&parent=80341"}],"wp:term":[{"taxonomy":"category","embeddable":true,"href":"https:\/\/themexicopost.com\/index.php?rest_route=%2Fwp%2Fv2%2Fcategories&post=80341"},{"taxonomy":"post_tag","embeddable":true,"href":"https:\/\/themexicopost.com\/index.php?rest_route=%2Fwp%2Fv2%2Ftags&post=80341"}],"curies":[{"name":"wp","href":"https:\/\/api.w.org\/{rel}","templated":true}]}}