{"id":8036,"date":"2023-04-11T14:30:56","date_gmt":"2023-04-11T14:30:56","guid":{"rendered":"https:\/\/themexicopost.com\/?p=8036"},"modified":"2023-04-11T14:30:58","modified_gmt":"2023-04-11T14:30:58","slug":"si-no-viene-de-china-el-fentanilo-de-donde-entonces-amlo","status":"publish","type":"post","link":"https:\/\/themexicopost.com\/?p=8036","title":{"rendered":"\u201cSi no viene de China el fentanilo, \u00bfde d\u00f3nde entonces?: AMLO"},"content":{"rendered":"\n<figure class=\"wp-block-pullquote\"><blockquote><p>El presidente Andr\u00e9s Manuel L\u00f3pez Obrador pidi\u00f3 comunicaci\u00f3n con China para discutir el tema y reiter\u00f3 que el qu\u00edmico no se produce en M\u00e9xico.<\/p><\/blockquote><\/figure>\n\n\n\n<p class=\"has-drop-cap wp-block-paragraph\">El presidente Andr\u00e9s Manuel L\u00f3pez Obrador pidi\u00f3 este lunes \u201cestablecer comunicaci\u00f3n\u201d con China despu\u00e9s de que Pek\u00edn neg\u00f3 que exista tr\u00e1fico ilegal de fentanilo entre ambos pa\u00edses tras unacarta que envi\u00f3 el mandatario a su hom\u00f3logo, Xi Jinping.<br><\/p>\n\n\n\n<p class=\"wp-block-paragraph\">\u201cTodav\u00eda no tenemos una comunicaci\u00f3n formal, una respuesta formal y queremos establecer comunicaci\u00f3n con el Gobierno de China, con la Canciller\u00eda, con la Embajada\u201d, indic\u00f3 L\u00f3pez Obrador en su rueda de prensa diaria.<br><\/p>\n\n\n\n<p class=\"wp-block-paragraph\">\u201cEsto lo est\u00e1 haciendo ya el secretario de Relaciones Exteriores (Marcelo Ebrard), para tener una postura clara sobre el pronunciamiento que hizo el Gobierno de China\u201d, a\u00f1adi\u00f3 el gobernante mexicano.<br><\/p>\n\n\n\n<p class=\"wp-block-paragraph\">El mandatario se refiri\u00f3 a las declaraciones de Mao Ning, portavoz del Ministerio chino de Asuntos Exteriores, quien el viernes pasado afirm\u00f3 que \u201cno existe el tr\u00e1fico ilegal de fentanilo entre China y M\u00e9xico\u201d como respuestaa la carta de L\u00f3pez Obrador a Xi Jinping.<br><\/p>\n\n\n\n<p class=\"wp-block-paragraph\">\u201cEl origen de la causa de las sobredosis est\u00e1 en Estados Unidos, el problema es totalmente \u2018hecho en Estados Unidos\u2019. Ellos deben enfrentarse a sus propios problemas y tomar medidas m\u00e1s significativas para reforzar las normativas nacionales y reducir la demanda\u201d, exhort\u00f3 la vocera.<br><\/p>\n\n\n\n<p class=\"wp-block-paragraph\">AMLO evadi\u00f3 una respuesta con el argumento de \u201cno cometer alguna imprudencia\u201d, pero indic\u00f3 que su Gobierno tiene \u201centonces que saber en d\u00f3nde se produce el fentanilo\u201d.<br><\/p>\n\n\n\n<figure class=\"wp-block-image size-large\"><img fetchpriority=\"high\" decoding=\"async\" width=\"1024\" height=\"683\" src=\"https:\/\/themexicopost.com\/wp-content\/uploads\/2023\/04\/SI-NO-2-1024x683.jpg\" alt=\"\" class=\"wp-image-8038\" srcset=\"https:\/\/themexicopost.com\/wp-content\/uploads\/2023\/04\/SI-NO-2-1024x683.jpg 1024w, https:\/\/themexicopost.com\/wp-content\/uploads\/2023\/04\/SI-NO-2-300x200.jpg 300w, https:\/\/themexicopost.com\/wp-content\/uploads\/2023\/04\/SI-NO-2-768x512.jpg 768w, https:\/\/themexicopost.com\/wp-content\/uploads\/2023\/04\/SI-NO-2-330x220.jpg 330w, https:\/\/themexicopost.com\/wp-content\/uploads\/2023\/04\/SI-NO-2-420x280.jpg 420w, https:\/\/themexicopost.com\/wp-content\/uploads\/2023\/04\/SI-NO-2-615x410.jpg 615w, https:\/\/themexicopost.com\/wp-content\/uploads\/2023\/04\/SI-NO-2-860x573.jpg 860w, https:\/\/themexicopost.com\/wp-content\/uploads\/2023\/04\/SI-NO-2.jpg 1200w\" sizes=\"(max-width: 1024px) 100vw, 1024px\" \/><\/figure>\n\n\n\n<p class=\"wp-block-paragraph\">\u201cY aqu\u00ed vuelvo a dejar de manifiesto que en M\u00e9xico no se produce fentanilo, no se produce la materia prima para el fentanilo y, si dicen los del Gobierno chino que tampoco producen, entonces es interesante saber qui\u00e9n lo est\u00e1 produciendo, y hay que seguir indagando\u201d, manifest\u00f3.<br><\/p>\n\n\n\n<p class=\"wp-block-paragraph\">L\u00f3pez Obrador envi\u00f3 la semana pasada la carta a Xi Jinping para pedirle ayuda contra el tr\u00e1fico de fentanilo ante los crecientes cuestionamientos a M\u00e9xico de pol\u00edticos estadounidenses, en particular de legisladores republicanos, quienes piden declarar la guerra a los c\u00e1rteles mexicanos.<br><\/p>\n\n\n\n<p class=\"wp-block-paragraph\">En la carta, el presidente defendi\u00f3 la labor de M\u00e9xico en el decomiso de fentanilo, al se\u00f1alar que el a\u00f1o pasado incaut\u00f3 7 toneladas y destruy\u00f3 1.383 laboratorios clandestinos.<br><\/p>\n\n\n\n<p class=\"wp-block-paragraph\">Tambi\u00e9n reiter\u00f3 que por el pa\u00eds solo ingresa el 30 % del fentanilo que consume Estados Unidos.<br><\/p>\n\n\n\n<p class=\"wp-block-paragraph\">El mandatario anunci\u00f3 que esta semana viajar\u00e1n los secretarios del gabinete de seguridad a Washington para abordar el tema.<br><\/p>\n\n\n\n<p class=\"wp-block-paragraph\">Asimismo, pidi\u00f3 la cooperaci\u00f3n de China y de Estados Unidos para buscar d\u00f3nde se produce la droga sint\u00e9tica, que la Agencia Antidrogas estadounidense (DEA) sostiene que producen los c\u00e1rteles mexicanos con materia prima proveniente de China y, en menor medida, de la India.<br><\/p>\n\n\n\n<p class=\"wp-block-paragraph\">\u201cVamos a seguir tratando este asunto, nada m\u00e1s que queremos hacerlo con todos los elementos para ver qu\u00e9 es exactamente lo que ellos (China) sostienen acerca del fentanilo, con el prop\u00f3sito de no cometer alguna imprudencia\u201d, coment\u00f3 L\u00f3pez Obrador.<\/p>\n","protected":false},"excerpt":{"rendered":"<p>El presidente Andr\u00e9s Manuel L\u00f3pez Obrador pidi\u00f3 comunicaci\u00f3n con China para discutir el tema y reiter\u00f3 que el qu\u00edmico no se produce en M\u00e9xico. El presidente Andr\u00e9s Manuel L\u00f3pez Obrador pidi\u00f3 este lunes \u201cestablecer comunicaci\u00f3n\u201d con China despu\u00e9s de que Pek\u00edn neg\u00f3 que exista tr\u00e1fico ilegal de fentanilo entre ambos pa\u00edses tras unacarta que envi\u00f3 [&hellip;]<\/p>\n","protected":false},"author":1,"featured_media":8037,"comment_status":"closed","ping_status":"closed","sticky":false,"template":"","format":"standard","meta":{"footnotes":""},"categories":[83,81],"tags":[],"class_list":["post-8036","post","type-post","status-publish","format-standard","has-post-thumbnail","hentry","category-destacado","category-nacional"],"_links":{"self":[{"href":"https:\/\/themexicopost.com\/index.php?rest_route=\/wp\/v2\/posts\/8036","targetHints":{"allow":["GET"]}}],"collection":[{"href":"https:\/\/themexicopost.com\/index.php?rest_route=\/wp\/v2\/posts"}],"about":[{"href":"https:\/\/themexicopost.com\/index.php?rest_route=\/wp\/v2\/types\/post"}],"author":[{"embeddable":true,"href":"https:\/\/themexicopost.com\/index.php?rest_route=\/wp\/v2\/users\/1"}],"replies":[{"embeddable":true,"href":"https:\/\/themexicopost.com\/index.php?rest_route=%2Fwp%2Fv2%2Fcomments&post=8036"}],"version-history":[{"count":1,"href":"https:\/\/themexicopost.com\/index.php?rest_route=\/wp\/v2\/posts\/8036\/revisions"}],"predecessor-version":[{"id":8039,"href":"https:\/\/themexicopost.com\/index.php?rest_route=\/wp\/v2\/posts\/8036\/revisions\/8039"}],"wp:featuredmedia":[{"embeddable":true,"href":"https:\/\/themexicopost.com\/index.php?rest_route=\/wp\/v2\/media\/8037"}],"wp:attachment":[{"href":"https:\/\/themexicopost.com\/index.php?rest_route=%2Fwp%2Fv2%2Fmedia&parent=8036"}],"wp:term":[{"taxonomy":"category","embeddable":true,"href":"https:\/\/themexicopost.com\/index.php?rest_route=%2Fwp%2Fv2%2Fcategories&post=8036"},{"taxonomy":"post_tag","embeddable":true,"href":"https:\/\/themexicopost.com\/index.php?rest_route=%2Fwp%2Fv2%2Ftags&post=8036"}],"curies":[{"name":"wp","href":"https:\/\/api.w.org\/{rel}","templated":true}]}}