{"id":80371,"date":"2026-04-28T06:51:03","date_gmt":"2026-04-28T12:51:03","guid":{"rendered":"https:\/\/themexicopost.com\/?p=80371"},"modified":"2026-04-28T06:51:07","modified_gmt":"2026-04-28T12:51:07","slug":"taylor-swift-busca-blindar-su-identidad-artistica-ante-la-ia","status":"publish","type":"post","link":"https:\/\/themexicopost.com\/?p=80371","title":{"rendered":"Taylor Swift busca blindar su identidad art\u00edstica ante la IA"},"content":{"rendered":"\n<figure class=\"wp-block-pullquote\"><blockquote><p>La cantante present\u00f3 nuevas solicitudes de marca para proteger su voz e imagen.<\/p><\/blockquote><\/figure>\n\n\n\n<p class=\"has-drop-cap\">Taylor Swift dio un nuevo paso en la protecci\u00f3n de su imagen y su voz al presentar solicitudes de registro de marca que buscan blindar elementos clave de su identidad art\u00edstica frente al uso indebido de la inteligencia artificial. La estrategia legal fue dada a conocer por especialistas en propiedad intelectual, quienes se\u00f1alaron que estas acciones forman parte de una tendencia creciente entre figuras p\u00fablicas.<br><\/p>\n\n\n\n<p>Entre las solicitudes destacan dos marcas sonoras que protegen frases asociadas directamente con su voz, como &#8220;Hey, it\u2019s Taylor Swift&#8221; y &#8220;Hey, it\u2019s Taylor&#8221;. Adem\u00e1s, se incluy\u00f3 una marca visual que protege una fotograf\u00eda ic\u00f3nica relacionada con su gira &#8220;The Eras Tour&#8221;, en la que aparece con vestuario y elementos caracter\u00edsticos de sus presentaciones en vivo.<br><\/p>\n\n\n\n<p>De acuerdo con expertos legales, este tipo de registros ampl\u00eda las herramientas de defensa frente a imitaciones digitales, ya que no solo protege copias exactas, sino tambi\u00e9n versiones confusamente similares que puedan generar enga\u00f1o o suplantaci\u00f3n de identidad en entornos digitales.<br><\/p>\n\n\n\n<p>El movimiento de Swift se enmarca en un contexto m\u00e1s amplio de preocupaci\u00f3n en la industria del entretenimiento por el uso de la inteligencia artificial para generar im\u00e1genes y audios falsos. En los \u00faltimos a\u00f1os, su imagen ha sido utilizada sin autorizaci\u00f3n en contenidos manipulados, incluidos casos de desinformaci\u00f3n y material expl\u00edcito generado con IA, lo que ha impulsado a su equipo a reforzar su estrategia legal.<br><\/p>\n\n\n\n<p>Este tipo de acciones tambi\u00e9n ha sido adoptado por otras figuras del entretenimiento, como el actor Matthew McConaughey, quien ha buscado mecanismos similares para proteger su voz e imagen, reflejando un cambio en la forma en que las celebridades enfrentan los desaf\u00edos del entorno digital actual.<\/p>\n","protected":false},"excerpt":{"rendered":"<p>La cantante present\u00f3 nuevas solicitudes de marca para proteger su voz e imagen. Taylor Swift dio un nuevo paso en la protecci\u00f3n de su imagen y su voz al presentar solicitudes de registro de marca que buscan blindar elementos clave de su identidad art\u00edstica frente al uso indebido de la inteligencia artificial. La estrategia legal [&hellip;]<\/p>\n","protected":false},"author":1,"featured_media":80375,"comment_status":"closed","ping_status":"closed","sticky":false,"template":"","format":"standard","meta":{"footnotes":""},"categories":[83,78],"tags":[],"class_list":["post-80371","post","type-post","status-publish","format-standard","has-post-thumbnail","hentry","category-destacado","category-espectaculos"],"_links":{"self":[{"href":"https:\/\/themexicopost.com\/index.php?rest_route=\/wp\/v2\/posts\/80371","targetHints":{"allow":["GET"]}}],"collection":[{"href":"https:\/\/themexicopost.com\/index.php?rest_route=\/wp\/v2\/posts"}],"about":[{"href":"https:\/\/themexicopost.com\/index.php?rest_route=\/wp\/v2\/types\/post"}],"author":[{"embeddable":true,"href":"https:\/\/themexicopost.com\/index.php?rest_route=\/wp\/v2\/users\/1"}],"replies":[{"embeddable":true,"href":"https:\/\/themexicopost.com\/index.php?rest_route=%2Fwp%2Fv2%2Fcomments&post=80371"}],"version-history":[{"count":1,"href":"https:\/\/themexicopost.com\/index.php?rest_route=\/wp\/v2\/posts\/80371\/revisions"}],"predecessor-version":[{"id":80376,"href":"https:\/\/themexicopost.com\/index.php?rest_route=\/wp\/v2\/posts\/80371\/revisions\/80376"}],"wp:featuredmedia":[{"embeddable":true,"href":"https:\/\/themexicopost.com\/index.php?rest_route=\/wp\/v2\/media\/80375"}],"wp:attachment":[{"href":"https:\/\/themexicopost.com\/index.php?rest_route=%2Fwp%2Fv2%2Fmedia&parent=80371"}],"wp:term":[{"taxonomy":"category","embeddable":true,"href":"https:\/\/themexicopost.com\/index.php?rest_route=%2Fwp%2Fv2%2Fcategories&post=80371"},{"taxonomy":"post_tag","embeddable":true,"href":"https:\/\/themexicopost.com\/index.php?rest_route=%2Fwp%2Fv2%2Ftags&post=80371"}],"curies":[{"name":"wp","href":"https:\/\/api.w.org\/{rel}","templated":true}]}}