{"id":80374,"date":"2026-04-28T06:51:39","date_gmt":"2026-04-28T12:51:39","guid":{"rendered":"https:\/\/themexicopost.com\/?p=80374"},"modified":"2026-04-28T06:51:43","modified_gmt":"2026-04-28T12:51:43","slug":"joshua-y-fury-pactan-combate-de-box-para-finales-de-2026","status":"publish","type":"post","link":"https:\/\/themexicopost.com\/?p=80374","title":{"rendered":"Joshua y Fury pactan combate de box para finales de 2026"},"content":{"rendered":"\n<figure class=\"wp-block-pullquote\"><blockquote><p>Los excampeones mundiales se enfrentar\u00e1n en un duelo hist\u00f3rico anunciado por su promotor, tras el regreso de Anthony Joshua al ring en julio.<\/p><\/blockquote><\/figure>\n\n\n\n<p class=\"has-drop-cap\">Los excampeones mundiales de peso completo Anthony Joshua y Tyson Fury han llegado a un acuerdo para enfrentarse en un combate programado para finales de 2026, seg\u00fan confirm\u00f3 el promotor Eddie Hearn, quien asegur\u00f3 que el contrato ya est\u00e1 firmado y sellado.<br><\/p>\n\n\n\n<p>El esperado duelo entre dos de las figuras m\u00e1s dominantes de la \u00faltima era del boxeo pesado se concretar\u00e1 tras el regreso de Joshua a la actividad en julio, cuando enfrente a Kristian Prenga en Riad, en lo que ser\u00e1 su primera pelea desde el accidente automovil\u00edstico que sufri\u00f3 en diciembre, en el que fallecieron dos de sus amigos.<br><\/p>\n\n\n\n<p>El combate, que ha sido bautizado como &#8220;The Comeback&#8221;, marca el inicio de una nueva etapa para el brit\u00e1nico, quien ha declarado sentirse listo para retomar su carrera tras un periodo de recuperaci\u00f3n y reflexi\u00f3n.<br><\/p>\n\n\n\n<p>Joshua, de 36 a\u00f1os, suma un r\u00e9cord de 28 victorias y cuatro derrotas, mientras que Fury contin\u00faa como uno de los nombres m\u00e1s influyentes del boxeo mundial, en un enfrentamiento que promete paralizar a la divisi\u00f3n de los pesos pesados.<br><\/p>\n\n\n\n<p>Aunque a\u00fan no se ha confirmado la sede exacta, el combate est\u00e1 previsto para el cuarto trimestre de 2026 y apunta a convertirse en uno de los eventos deportivos m\u00e1s medi\u00e1ticos del a\u00f1o.<\/p>\n","protected":false},"excerpt":{"rendered":"<p>Los excampeones mundiales se enfrentar\u00e1n en un duelo hist\u00f3rico anunciado por su promotor, tras el regreso de Anthony Joshua al ring en julio. Los excampeones mundiales de peso completo Anthony Joshua y Tyson Fury han llegado a un acuerdo para enfrentarse en un combate programado para finales de 2026, seg\u00fan confirm\u00f3 el promotor Eddie Hearn, [&hellip;]<\/p>\n","protected":false},"author":1,"featured_media":80378,"comment_status":"closed","ping_status":"closed","sticky":false,"template":"","format":"standard","meta":{"footnotes":""},"categories":[79],"tags":[],"class_list":["post-80374","post","type-post","status-publish","format-standard","has-post-thumbnail","hentry","category-deportes"],"_links":{"self":[{"href":"https:\/\/themexicopost.com\/index.php?rest_route=\/wp\/v2\/posts\/80374","targetHints":{"allow":["GET"]}}],"collection":[{"href":"https:\/\/themexicopost.com\/index.php?rest_route=\/wp\/v2\/posts"}],"about":[{"href":"https:\/\/themexicopost.com\/index.php?rest_route=\/wp\/v2\/types\/post"}],"author":[{"embeddable":true,"href":"https:\/\/themexicopost.com\/index.php?rest_route=\/wp\/v2\/users\/1"}],"replies":[{"embeddable":true,"href":"https:\/\/themexicopost.com\/index.php?rest_route=%2Fwp%2Fv2%2Fcomments&post=80374"}],"version-history":[{"count":1,"href":"https:\/\/themexicopost.com\/index.php?rest_route=\/wp\/v2\/posts\/80374\/revisions"}],"predecessor-version":[{"id":80379,"href":"https:\/\/themexicopost.com\/index.php?rest_route=\/wp\/v2\/posts\/80374\/revisions\/80379"}],"wp:featuredmedia":[{"embeddable":true,"href":"https:\/\/themexicopost.com\/index.php?rest_route=\/wp\/v2\/media\/80378"}],"wp:attachment":[{"href":"https:\/\/themexicopost.com\/index.php?rest_route=%2Fwp%2Fv2%2Fmedia&parent=80374"}],"wp:term":[{"taxonomy":"category","embeddable":true,"href":"https:\/\/themexicopost.com\/index.php?rest_route=%2Fwp%2Fv2%2Fcategories&post=80374"},{"taxonomy":"post_tag","embeddable":true,"href":"https:\/\/themexicopost.com\/index.php?rest_route=%2Fwp%2Fv2%2Ftags&post=80374"}],"curies":[{"name":"wp","href":"https:\/\/api.w.org\/{rel}","templated":true}]}}