{"id":80380,"date":"2026-04-28T06:53:30","date_gmt":"2026-04-28T12:53:30","guid":{"rendered":"https:\/\/themexicopost.com\/?p=80380"},"modified":"2026-04-28T06:53:37","modified_gmt":"2026-04-28T12:53:37","slug":"clara-brugada-propone-a-alcaldes-de-la-aalmac-elaborar-estrategias-de-paz-y-seguridad","status":"publish","type":"post","link":"https:\/\/themexicopost.com\/?p=80380","title":{"rendered":"Clara Brugada propone a alcaldes de la AALMAC elaborar estrategias de paz y seguridad"},"content":{"rendered":"\n<figure class=\"wp-block-pullquote\"><blockquote><p>Tom\u00f3 protesta al nuevo presidente de la Asociaci\u00f3n de Autoridades Locales de M\u00e9xico A.C (AALMAC), Javier L\u00f3pez Casar\u00edn, alcalde de \u00c1lvaro Obreg\u00f3n.<\/p><\/blockquote><\/figure>\n\n\n\n<p class=\"has-drop-cap\">Durante la toma de protesta de la nueva presidencia de la Asociaci\u00f3n de Autoridades Locales de M\u00e9xico A.C. (AALMAC), la Jefa de Gobierno de la Ciudad de M\u00e9xico, Clara Brugada Molina, propuso a las y los presidentes municipales que la integran impulsar obras transformadoras y de alto impacto, as\u00ed como garantizar servicios p\u00fablicos esenciales y dignos.<br><\/p>\n\n\n\n<p>Ante gobernadores, representantes del Poder Judicial, legisladores y autoridades federales y estatales, Brugada Molina hizo un llamado a elaborar un sistema p\u00fablico de cuidados a nivel local que permita cada vez m\u00e1s a las mujeres integrarse a la vida econ\u00f3mica del pa\u00eds, erradicar la corrupci\u00f3n en el ejercicio de los recursos p\u00fablicos y convertirse en agentes estrat\u00e9gicos en la construcci\u00f3n de paz y seguridad desde abajo.<br><\/p>\n\n\n\n<p>Destac\u00f3 la prioridad de construir un sistema p\u00fablico de cuidados a nivel local para garantizar que las mujeres puedan integrarse a la vida econ\u00f3mica del pa\u00eds y que encamine rumbo a la construcci\u00f3n de un municipalismo feminista, por lo que llam\u00f3 a estos territorios a retomar este modelo de justicia social en favor de las mujeres.<br><\/p>\n\n\n\n<p>Al recordar el nacimiento de la AALMAC, hace casi 30 a\u00f1os, como una alianza de gobiernos municipales progresistas, invit\u00f3 a los territorios que la conforman a sumarse a la Red Global de Ciudades y Gobiernos Locales (CGLU), de manera tal que permita concitar un movimiento internacional municipalista progresista a favor de la paz y del bienestar de nuestros pueblos y sumarse a la mayor organizaci\u00f3n mundial de ciudades y gobiernos locales.<br><\/p>\n\n\n\n<p>Reconoci\u00f3 al alcalde en \u00c1lvaro Obreg\u00f3n, Javier L\u00f3pez Casar\u00edn, por asumir la conducci\u00f3n de dicha asociaci\u00f3n y a los m\u00e1s de mil gobiernos locales y municipales de M\u00e9xico que la conforman, a quienes llam\u00f3 a trabajar unidos a favor del bienestar de la poblaci\u00f3n.<br><\/p>\n\n\n\n<p>Luego de rendir protesta, el nuevo presidente nacional de la AALMAC reconoci\u00f3 la trayectoria de la mandataria capitalina como una referente del municipalismo transformador, y manifest\u00f3 su agradecimiento por la confianza depositada en su persona.<br><\/p>\n\n\n\n<p>Enfatiz\u00f3 que esta asociaci\u00f3n representa a m\u00e1s de 70 millones de mexicanas y mexicanos, lo que exige resultados, cercan\u00eda y un compromiso permanente con el bienestar de las comunidades.<\/p>\n","protected":false},"excerpt":{"rendered":"<p>Tom\u00f3 protesta al nuevo presidente de la Asociaci\u00f3n de Autoridades Locales de M\u00e9xico A.C (AALMAC), Javier L\u00f3pez Casar\u00edn, alcalde de \u00c1lvaro Obreg\u00f3n. Durante la toma de protesta de la nueva presidencia de la Asociaci\u00f3n de Autoridades Locales de M\u00e9xico A.C. (AALMAC), la Jefa de Gobierno de la Ciudad de M\u00e9xico, Clara Brugada Molina, propuso a [&hellip;]<\/p>\n","protected":false},"author":1,"featured_media":80384,"comment_status":"closed","ping_status":"closed","sticky":false,"template":"","format":"standard","meta":{"footnotes":""},"categories":[82,83],"tags":[],"class_list":["post-80380","post","type-post","status-publish","format-standard","has-post-thumbnail","hentry","category-cdmx","category-destacado"],"_links":{"self":[{"href":"https:\/\/themexicopost.com\/index.php?rest_route=\/wp\/v2\/posts\/80380","targetHints":{"allow":["GET"]}}],"collection":[{"href":"https:\/\/themexicopost.com\/index.php?rest_route=\/wp\/v2\/posts"}],"about":[{"href":"https:\/\/themexicopost.com\/index.php?rest_route=\/wp\/v2\/types\/post"}],"author":[{"embeddable":true,"href":"https:\/\/themexicopost.com\/index.php?rest_route=\/wp\/v2\/users\/1"}],"replies":[{"embeddable":true,"href":"https:\/\/themexicopost.com\/index.php?rest_route=%2Fwp%2Fv2%2Fcomments&post=80380"}],"version-history":[{"count":1,"href":"https:\/\/themexicopost.com\/index.php?rest_route=\/wp\/v2\/posts\/80380\/revisions"}],"predecessor-version":[{"id":80385,"href":"https:\/\/themexicopost.com\/index.php?rest_route=\/wp\/v2\/posts\/80380\/revisions\/80385"}],"wp:featuredmedia":[{"embeddable":true,"href":"https:\/\/themexicopost.com\/index.php?rest_route=\/wp\/v2\/media\/80384"}],"wp:attachment":[{"href":"https:\/\/themexicopost.com\/index.php?rest_route=%2Fwp%2Fv2%2Fmedia&parent=80380"}],"wp:term":[{"taxonomy":"category","embeddable":true,"href":"https:\/\/themexicopost.com\/index.php?rest_route=%2Fwp%2Fv2%2Fcategories&post=80380"},{"taxonomy":"post_tag","embeddable":true,"href":"https:\/\/themexicopost.com\/index.php?rest_route=%2Fwp%2Fv2%2Ftags&post=80380"}],"curies":[{"name":"wp","href":"https:\/\/api.w.org\/{rel}","templated":true}]}}