{"id":8040,"date":"2023-04-11T14:44:10","date_gmt":"2023-04-11T14:44:10","guid":{"rendered":"https:\/\/themexicopost.com\/?p=8040"},"modified":"2023-04-11T14:46:37","modified_gmt":"2023-04-11T14:46:37","slug":"confirma-netanyahu-que-yoav-galant-seguira-como-ministro-de-defensa-de-israel","status":"publish","type":"post","link":"https:\/\/themexicopost.com\/?p=8040","title":{"rendered":"Confirma Netanyahu que Yoav Gallant seguir\u00e1 como ministro de Defensa de Israel"},"content":{"rendered":"\n<figure class=\"wp-block-pullquote\"><blockquote><p>Netanyahu ha anunciado la restituci\u00f3n de Gallant en una rueda de prensa cuyo eje principal era la situaci\u00f3n de seguridad del pa\u00eds y en ese sentido ha responsabilizado a los anteriores gobiernos y a las protestas del actual repunte de los atentados.<\/p><\/blockquote><\/figure>\n\n\n\n<p class=\"has-drop-cap wp-block-paragraph\">Benjamin Netanyahu anunci\u00f3 este lunes la revocaci\u00f3n de la destituci\u00f3n de Yoav Gallant como ministro de Defensa de Israel, despu\u00e9s del anuncio en el que le apartaba del cargo tras cuestionar la pol\u00e9mica reforma judicial ahora paralizada tras semanas de protestas y movilizaciones.<br><\/p>\n\n\n\n<p class=\"wp-block-paragraph\">El propio Gallant, se manten\u00eda en el cargo como ministro en funciones a la espera de un posible recambio, respondi\u00f3 en Twitter al anuncio. \u201cSeguimos juntos con toda la fuerza en pro de la seguridad de Israel\u201d, public\u00f3 en un mensaje acompa\u00f1ado de una fotograf\u00eda de ambos.<br><\/p>\n\n\n\n<p class=\"wp-block-paragraph\">El pasado 25 de marzo Gallant advirti\u00f3 que las protestas contra la reforma judicial de Netanyahu estaban poniendo en peligro la seguridad de Israel debido a la extensi\u00f3n de la contestaci\u00f3n a los reservistas del Ej\u00e9rcito, que rechazaban realizar pr\u00e1cticas voluntarias, y pidi\u00f3 la paralizaci\u00f3n de su tramitaci\u00f3n parlamentaria. Al d\u00eda siguiente Netanyahu anunci\u00f3 su destituci\u00f3n.<br><\/p>\n\n\n\n<p class=\"wp-block-paragraph\">Netanyahu ha anunciado la restituci\u00f3n de Gallant en una rueda de prensa cuyo eje principal era la situaci\u00f3n de seguridad del pa\u00eds y en ese sentido ha responsabilizado a los anteriores gobiernos y a las protestas del actual repunte de los atentados.<br><\/p>\n\n\n\n<p class=\"wp-block-paragraph\">El propio Gallant, se manten\u00eda en el cargo como ministro en funciones a la espera de un posible recambio, respondi\u00f3 en Twitter al anuncio. \u201cSeguimos juntos con toda la fuerza en pro de la seguridad de Israel\u201d, public\u00f3 en un mensaje acompa\u00f1ado de una fotograf\u00eda de ambos.<br><\/p>\n\n\n\n<p class=\"wp-block-paragraph\">El pasado 25 de marzo Gallant advirti\u00f3 que las protestas contra la reforma judicial de Netanyahu estaban poniendo en peligro la seguridad de Israel debido a la extensi\u00f3n de la contestaci\u00f3n a los reservistas del Ej\u00e9rcito, que rechazaban realizar pr\u00e1cticas voluntarias, y pidi\u00f3 la paralizaci\u00f3n de su tramitaci\u00f3n parlamentaria. Al d\u00eda siguiente Netanyahu anunci\u00f3 su destituci\u00f3n.<br><\/p>\n\n\n\n<p class=\"wp-block-paragraph\">Netanyahu ha anunciado la restituci\u00f3n de Gallant en una rueda de prensa cuyo eje principal era la situaci\u00f3n de seguridad del pa\u00eds y en ese sentido ha responsabilizado a los anteriores gobiernos y a las protestas del actual repunte de los atentados.<br><\/p>\n\n\n\n<p class=\"wp-block-paragraph\">Un periodista le record\u00f3 a Netanyahu que en los \u00faltimos gobiernos la cifra de muertos en atentados era de unos 33 al a\u00f1o, mientras que solo en los 100 primeros d\u00edas del actual gobierno de Netanyahu ha habido 19 muertos, a lo que el primer ministro ha respondido que el anterior gobierno depend\u00eda \u201cde Hermanos Musulmanes\u201d en referencia al partido islamista Raam, por lo que \u201cno pod\u00eda actuar contra el terrorismo\u201d.<br><\/p>\n\n\n\n<p class=\"wp-block-paragraph\">En particular, Netanyahu se\u00f1al\u00f3 al ex primer ministro y l\u00edder de la oposici\u00f3n, Yair Lapid, y sus advertencias sobre el riesgo de crisis nacional por la reforma judicial. \u201cNuestros enemigos lo ven, lo escuchan. Creen que pueden vencernos con un ataque combinado desde L\u00edbano, Siria y Gaza\u201d.<\/p>\n","protected":false},"excerpt":{"rendered":"<p>Netanyahu ha anunciado la restituci\u00f3n de Gallant en una rueda de prensa cuyo eje principal era la situaci\u00f3n de seguridad del pa\u00eds y en ese sentido ha responsabilizado a los anteriores gobiernos y a las protestas del actual repunte de los atentados. Benjamin Netanyahu anunci\u00f3 este lunes la revocaci\u00f3n de la destituci\u00f3n de Yoav Gallant [&hellip;]<\/p>\n","protected":false},"author":1,"featured_media":8041,"comment_status":"closed","ping_status":"closed","sticky":false,"template":"","format":"standard","meta":{"footnotes":""},"categories":[83,80],"tags":[],"class_list":["post-8040","post","type-post","status-publish","format-standard","has-post-thumbnail","hentry","category-destacado","category-mundo"],"_links":{"self":[{"href":"https:\/\/themexicopost.com\/index.php?rest_route=\/wp\/v2\/posts\/8040","targetHints":{"allow":["GET"]}}],"collection":[{"href":"https:\/\/themexicopost.com\/index.php?rest_route=\/wp\/v2\/posts"}],"about":[{"href":"https:\/\/themexicopost.com\/index.php?rest_route=\/wp\/v2\/types\/post"}],"author":[{"embeddable":true,"href":"https:\/\/themexicopost.com\/index.php?rest_route=\/wp\/v2\/users\/1"}],"replies":[{"embeddable":true,"href":"https:\/\/themexicopost.com\/index.php?rest_route=%2Fwp%2Fv2%2Fcomments&post=8040"}],"version-history":[{"count":2,"href":"https:\/\/themexicopost.com\/index.php?rest_route=\/wp\/v2\/posts\/8040\/revisions"}],"predecessor-version":[{"id":8044,"href":"https:\/\/themexicopost.com\/index.php?rest_route=\/wp\/v2\/posts\/8040\/revisions\/8044"}],"wp:featuredmedia":[{"embeddable":true,"href":"https:\/\/themexicopost.com\/index.php?rest_route=\/wp\/v2\/media\/8041"}],"wp:attachment":[{"href":"https:\/\/themexicopost.com\/index.php?rest_route=%2Fwp%2Fv2%2Fmedia&parent=8040"}],"wp:term":[{"taxonomy":"category","embeddable":true,"href":"https:\/\/themexicopost.com\/index.php?rest_route=%2Fwp%2Fv2%2Fcategories&post=8040"},{"taxonomy":"post_tag","embeddable":true,"href":"https:\/\/themexicopost.com\/index.php?rest_route=%2Fwp%2Fv2%2Ftags&post=8040"}],"curies":[{"name":"wp","href":"https:\/\/api.w.org\/{rel}","templated":true}]}}