{"id":80405,"date":"2026-04-28T07:05:53","date_gmt":"2026-04-28T13:05:53","guid":{"rendered":"https:\/\/themexicopost.com\/?p=80405"},"modified":"2026-04-28T07:05:58","modified_gmt":"2026-04-28T13:05:58","slug":"trump-exige-despido-de-jimmy-kimmel-tras-polemico-comentario-sobre-melania","status":"publish","type":"post","link":"https:\/\/themexicopost.com\/?p=80405","title":{"rendered":"Trump exige despido de Jimmy Kimmel tras pol\u00e9mico comentario sobre Melania"},"content":{"rendered":"\n<figure class=\"wp-block-pullquote\"><blockquote><p>El presidente de Estados Unidos pidi\u00f3 a Disney y ABC la salida inmediata del presentador, a quien acus\u00f3 de cruzar \u201cl\u00edmites inaceptables\u201d con sus declaraciones sobre la primera dama.<\/p><\/blockquote><\/figure>\n\n\n\n<p class=\"has-drop-cap\">El presidente de Estados Unidos, Donald Trump, lanz\u00f3 este lunes una fuerte exigencia p\u00fablica contra las cadenas Disney y ABC, al solicitar el despido inmediato del presentador Jimmy Kimmel, luego de una serie de comentarios que realiz\u00f3 en su programa sobre la primera dama Melania Trump.<br><\/p>\n\n\n\n<p>La pol\u00e9mica se origin\u00f3 a ra\u00edz de una intervenci\u00f3n del conductor en \u201cJimmy Kimmel Live\u201d, donde hizo referencia a la esposa del mandatario durante una parodia vinculada a la cena de corresponsales de la Casa Blanca. En ese contexto, Kimmel dijo: \u201cMiren a Melania, tan hermosa. Se\u00f1ora Trump, tiene un brillo como el de una viuda esperanzada\u201d, frase que fue posteriormente calificada por Trump como realmente impactante.<br><\/p>\n\n\n\n<p>A trav\u00e9s de su red social Truth Social, el mandatario estadounidense critic\u00f3 duramente al comediante, se\u00f1alando que sus comentarios van mucho m\u00e1s all\u00e1 de lo aceptable y cuestionando su popularidad y desempe\u00f1o en televisi\u00f3n. Trump tambi\u00e9n acus\u00f3 al presentador de utilizar su espacio para difundir mensajes ofensivos y exigi\u00f3 su salida inmediata tanto de ABC como de Disney.<br><\/p>\n\n\n\n<p>Adem\u00e1s del comentario sobre la primera dama, Trump reaccion\u00f3 al uso de un video par\u00f3dico mostrado en el programa, en el que se hac\u00eda referencia a miembros de su familia, incluyendo a su hijo Barron, lo que increment\u00f3 la tensi\u00f3n entre el entorno presidencial y el presentador.<br><\/p>\n\n\n\n<p>La controversia escal\u00f3 a\u00fan m\u00e1s luego de que la propia Melania Trump se pronunciara p\u00fablicamente, pidiendo a ABC que tome medidas contra Kimmel. La primera dama asegur\u00f3 que sus comentarios no son comedia y acus\u00f3 al conductor de contribuir a la polarizaci\u00f3n pol\u00edtica en Estados Unidos. Tambi\u00e9n cuestion\u00f3 la permanencia del programa en televisi\u00f3n abierta, al considerar que promueve mensajes de odio.<br><\/p>\n\n\n\n<p>El caso ha reavivado la discusi\u00f3n sobre los l\u00edmites del humor pol\u00edtico en la televisi\u00f3n estadounidense y la creciente tensi\u00f3n entre figuras del entretenimiento y la administraci\u00f3n Trump, en un contexto de alta sensibilidad pol\u00edtica en el pa\u00eds.<\/p>\n","protected":false},"excerpt":{"rendered":"<p>El presidente de Estados Unidos pidi\u00f3 a Disney y ABC la salida inmediata del presentador, a quien acus\u00f3 de cruzar \u201cl\u00edmites inaceptables\u201d con sus declaraciones sobre la primera dama. El presidente de Estados Unidos, Donald Trump, lanz\u00f3 este lunes una fuerte exigencia p\u00fablica contra las cadenas Disney y ABC, al solicitar el despido inmediato del [&hellip;]<\/p>\n","protected":false},"author":1,"featured_media":80410,"comment_status":"closed","ping_status":"closed","sticky":false,"template":"","format":"standard","meta":{"footnotes":""},"categories":[80],"tags":[],"class_list":["post-80405","post","type-post","status-publish","format-standard","has-post-thumbnail","hentry","category-mundo"],"_links":{"self":[{"href":"https:\/\/themexicopost.com\/index.php?rest_route=\/wp\/v2\/posts\/80405","targetHints":{"allow":["GET"]}}],"collection":[{"href":"https:\/\/themexicopost.com\/index.php?rest_route=\/wp\/v2\/posts"}],"about":[{"href":"https:\/\/themexicopost.com\/index.php?rest_route=\/wp\/v2\/types\/post"}],"author":[{"embeddable":true,"href":"https:\/\/themexicopost.com\/index.php?rest_route=\/wp\/v2\/users\/1"}],"replies":[{"embeddable":true,"href":"https:\/\/themexicopost.com\/index.php?rest_route=%2Fwp%2Fv2%2Fcomments&post=80405"}],"version-history":[{"count":1,"href":"https:\/\/themexicopost.com\/index.php?rest_route=\/wp\/v2\/posts\/80405\/revisions"}],"predecessor-version":[{"id":80411,"href":"https:\/\/themexicopost.com\/index.php?rest_route=\/wp\/v2\/posts\/80405\/revisions\/80411"}],"wp:featuredmedia":[{"embeddable":true,"href":"https:\/\/themexicopost.com\/index.php?rest_route=\/wp\/v2\/media\/80410"}],"wp:attachment":[{"href":"https:\/\/themexicopost.com\/index.php?rest_route=%2Fwp%2Fv2%2Fmedia&parent=80405"}],"wp:term":[{"taxonomy":"category","embeddable":true,"href":"https:\/\/themexicopost.com\/index.php?rest_route=%2Fwp%2Fv2%2Fcategories&post=80405"},{"taxonomy":"post_tag","embeddable":true,"href":"https:\/\/themexicopost.com\/index.php?rest_route=%2Fwp%2Fv2%2Ftags&post=80405"}],"curies":[{"name":"wp","href":"https:\/\/api.w.org\/{rel}","templated":true}]}}