{"id":80421,"date":"2026-04-28T07:11:28","date_gmt":"2026-04-28T13:11:28","guid":{"rendered":"https:\/\/themexicopost.com\/?p=80421"},"modified":"2026-04-28T07:11:40","modified_gmt":"2026-04-28T13:11:40","slug":"existe-una-emergencia-alimentaria-global-urge-reabrir-el-estrecho-de-ormuz-onu","status":"publish","type":"post","link":"https:\/\/themexicopost.com\/?p=80421","title":{"rendered":"&#8220;Existe una emergencia alimentaria global; urge reabrir el estrecho de Ormuz&#8221;: ONU"},"content":{"rendered":"\n<figure class=\"wp-block-pullquote\"><blockquote><p>Ant\u00f3nio Guterres alerta de una crisis energ\u00e9tica y del colapso de cadenas de suministro si contin\u00faa el bloqueo de la ruta estrat\u00e9gica.<\/p><\/blockquote><\/figure>\n\n\n\n<p class=\"has-drop-cap\">Naciones Unidas lanz\u00f3 una de sus advertencias m\u00e1s severas sobre el impacto global del bloqueo del estrecho de Ormuz, al exigir su reapertura inmediata y alertar de que la interrupci\u00f3n del tr\u00e1nsito mar\u00edtimo podr\u00eda desencadenar una crisis energ\u00e9tica, severas disrupciones comerciales y una posible emergencia alimentaria mundial.<br><\/p>\n\n\n\n<p>El secretario general de la ONU, Ant\u00f3nio Guterres, intervino durante un debate abierto del Consejo de Seguridad sobre seguridad mar\u00edtima, organizado por Bar\u00e9in, y pidi\u00f3 a las partes involucradas permitir el paso libre de buques sin restricciones.<br><\/p>\n\n\n\n<p>&#8220;Abran el estrecho. Permitan que se reanude el comercio. Dejen respirar a la econom\u00eda mundial&#8221;, se\u00f1al\u00f3 Guterres, subrayando la urgencia de evitar una escalada econ\u00f3mica global derivada del bloqueo de una de las rutas mar\u00edtimas m\u00e1s importantes del planeta.<br><\/p>\n\n\n\n<p>El jefe de la ONU record\u00f3 que por el estrecho de Ormuz transita aproximadamente una quinta parte del comercio mundial de petr\u00f3leo, una proporci\u00f3n similar del gas natural licuado y cerca de un tercio del comercio global de fertilizantes, lo que lo convierte en un punto cr\u00edtico para la estabilidad econ\u00f3mica internacional.<br><\/p>\n\n\n\n<p>Guterres advirti\u00f3 que la situaci\u00f3n ya ha provocado una fuerte volatilidad en los mercados energ\u00e9ticos y de materias primas, adem\u00e1s de un incremento significativo en los costos del transporte y los seguros mar\u00edtimos. Seg\u00fan dijo, se trata de la mayor disrupci\u00f3n en las cadenas de suministro desde la pandemia de covid-19 y el inicio de la guerra en Ucrania.<br><\/p>\n\n\n\n<p>El secretario general tambi\u00e9n alert\u00f3 sobre el impacto humanitario de la crisis, se\u00f1alando que los retrasos en el transporte est\u00e1n afectando la entrega de ayuda vital a poblaciones vulnerables y podr\u00edan empujar a millones de personas en \u00c1frica y Asia a condiciones de hambre y pobreza si la situaci\u00f3n se prolonga.<br><\/p>\n\n\n\n<p>Asimismo, destac\u00f3 que los pa\u00edses menos desarrollados y los peque\u00f1os Estados insulares son los m\u00e1s expuestos debido a su dependencia del comercio mar\u00edtimo.<br><\/p>\n\n\n\n<p>En paralelo, la ONU inform\u00f3 que m\u00e1s de 20.000 marineros permanecen varados en alta mar y alrededor de 2.000 buques comerciales se encuentran atrapados por restricciones de navegaci\u00f3n y riesgos de seguridad.<br><\/p>\n\n\n\n<p>El secretario general reiter\u00f3 que la organizaci\u00f3n mantiene sus buenos oficios para facilitar una soluci\u00f3n diplom\u00e1tica y defendi\u00f3 que los oc\u00e9anos deben ser considerados zonas de paz.<br><\/p>\n\n\n\n<p>Por su parte, la Organizaci\u00f3n Mar\u00edtima Internacional (OMI) respald\u00f3 el principio de libertad de navegaci\u00f3n y record\u00f3 que existen marcos regulatorios internacionales que deben adaptarse a nuevas amenazas a la seguridad mar\u00edtima.<\/p>\n","protected":false},"excerpt":{"rendered":"<p>Ant\u00f3nio Guterres alerta de una crisis energ\u00e9tica y del colapso de cadenas de suministro si contin\u00faa el bloqueo de la ruta estrat\u00e9gica. Naciones Unidas lanz\u00f3 una de sus advertencias m\u00e1s severas sobre el impacto global del bloqueo del estrecho de Ormuz, al exigir su reapertura inmediata y alertar de que la interrupci\u00f3n del tr\u00e1nsito mar\u00edtimo [&hellip;]<\/p>\n","protected":false},"author":1,"featured_media":80425,"comment_status":"closed","ping_status":"closed","sticky":false,"template":"","format":"standard","meta":{"footnotes":""},"categories":[83,80],"tags":[],"class_list":["post-80421","post","type-post","status-publish","format-standard","has-post-thumbnail","hentry","category-destacado","category-mundo"],"_links":{"self":[{"href":"https:\/\/themexicopost.com\/index.php?rest_route=\/wp\/v2\/posts\/80421","targetHints":{"allow":["GET"]}}],"collection":[{"href":"https:\/\/themexicopost.com\/index.php?rest_route=\/wp\/v2\/posts"}],"about":[{"href":"https:\/\/themexicopost.com\/index.php?rest_route=\/wp\/v2\/types\/post"}],"author":[{"embeddable":true,"href":"https:\/\/themexicopost.com\/index.php?rest_route=\/wp\/v2\/users\/1"}],"replies":[{"embeddable":true,"href":"https:\/\/themexicopost.com\/index.php?rest_route=%2Fwp%2Fv2%2Fcomments&post=80421"}],"version-history":[{"count":1,"href":"https:\/\/themexicopost.com\/index.php?rest_route=\/wp\/v2\/posts\/80421\/revisions"}],"predecessor-version":[{"id":80426,"href":"https:\/\/themexicopost.com\/index.php?rest_route=\/wp\/v2\/posts\/80421\/revisions\/80426"}],"wp:featuredmedia":[{"embeddable":true,"href":"https:\/\/themexicopost.com\/index.php?rest_route=\/wp\/v2\/media\/80425"}],"wp:attachment":[{"href":"https:\/\/themexicopost.com\/index.php?rest_route=%2Fwp%2Fv2%2Fmedia&parent=80421"}],"wp:term":[{"taxonomy":"category","embeddable":true,"href":"https:\/\/themexicopost.com\/index.php?rest_route=%2Fwp%2Fv2%2Fcategories&post=80421"},{"taxonomy":"post_tag","embeddable":true,"href":"https:\/\/themexicopost.com\/index.php?rest_route=%2Fwp%2Fv2%2Ftags&post=80421"}],"curies":[{"name":"wp","href":"https:\/\/api.w.org\/{rel}","templated":true}]}}