{"id":80427,"date":"2026-04-28T07:14:54","date_gmt":"2026-04-28T13:14:54","guid":{"rendered":"https:\/\/themexicopost.com\/?p=80427"},"modified":"2026-04-28T07:15:03","modified_gmt":"2026-04-28T13:15:03","slug":"bloquea-emiratos-arabes-mas-de-100-cuentas-de-medios-por-cobertura-de-la-guerra-con-iran","status":"publish","type":"post","link":"https:\/\/themexicopost.com\/?p=80427","title":{"rendered":"Bloquea Emiratos \u00c1rabes m\u00e1s de 100 cuentas de medios por cobertura de la guerra con Ir\u00e1n"},"content":{"rendered":"\n<figure class=\"wp-block-pullquote\"><blockquote><p>Autoridades acusan a plataformas y creadores de distorsionar la imagen de los pa\u00edses del Golfo durante el conflicto regional.<\/p><\/blockquote><\/figure>\n\n\n\n<p class=\"has-drop-cap\">Las autoridades de Emiratos \u00c1rabes Unidos bloquearon m\u00e1s de 100 cuentas de medios de comunicaci\u00f3n y creadores de contenido por difundir informaciones relacionadas con la guerra con Ir\u00e1n que, seg\u00fan el gobierno, mostraban de forma negativa a los pa\u00edses del Golfo P\u00e9rsico.<br><\/p>\n\n\n\n<p>El anuncio fue realizado por el presidente de la Autoridad Nacional de Medios de Emiratos, Abdal\u00e1 bin Mohamed bin Butti, durante el foro &#8220;Gulf Creators&#8221; celebrado en Dub\u00e1i, donde participaron m\u00e1s de mil profesionales del sector.<br><\/p>\n\n\n\n<p>El funcionario afirm\u00f3 que las cuentas bloqueadas habr\u00edan violado principios de informaci\u00f3n establecidos por el pa\u00eds y defendi\u00f3 la posibilidad de extender este enfoque a nivel regional para proteger la opini\u00f3n p\u00fablica de la ret\u00f3rica negativa y la distorsi\u00f3n.<br><\/p>\n\n\n\n<p>De acuerdo con datos oficiales presentados en el mismo evento, durante los ataques de represalia iran\u00edes contra pa\u00edses del Golfo se publicaron alrededor de 218.000 art\u00edculos informativos, de los cuales el 51% habr\u00eda presentado a la regi\u00f3n bajo una luz negativa, seg\u00fan la interpretaci\u00f3n de las autoridades emirat\u00edes.<br><\/p>\n\n\n\n<p>Desde el inicio del conflicto el pasado 28 de febrero, Emiratos ha intensificado el control sobre la informaci\u00f3n digital, incluyendo el bloqueo de p\u00e1ginas de medios y la restricci\u00f3n de contenidos considerados sensibles para la seguridad nacional.<br><\/p>\n\n\n\n<p>Entre las plataformas afectadas se encuentran medios regionales de alto alcance, adem\u00e1s de cuentas de creadores independientes que difundieron im\u00e1genes de ataques, explosiones o impactos en zonas urbanas.<br><\/p>\n\n\n\n<p>Organizaciones internacionales como Reporteros Sin Fronteras han advertido previamente sobre un endurecimiento de las restricciones informativas en el Golfo, se\u00f1alando la prohibici\u00f3n de difundir contenido relacionado con ataques con misiles y drones en la regi\u00f3n.<br><\/p>\n\n\n\n<p>Las autoridades emirat\u00edes, por su parte, sostienen que estas medidas buscan evitar la desinformaci\u00f3n en contextos de crisis y garantizar la estabilidad interna durante situaciones de conflicto.<\/p>\n","protected":false},"excerpt":{"rendered":"<p>Autoridades acusan a plataformas y creadores de distorsionar la imagen de los pa\u00edses del Golfo durante el conflicto regional. Las autoridades de Emiratos \u00c1rabes Unidos bloquearon m\u00e1s de 100 cuentas de medios de comunicaci\u00f3n y creadores de contenido por difundir informaciones relacionadas con la guerra con Ir\u00e1n que, seg\u00fan el gobierno, mostraban de forma negativa [&hellip;]<\/p>\n","protected":false},"author":1,"featured_media":80431,"comment_status":"closed","ping_status":"closed","sticky":false,"template":"","format":"standard","meta":{"footnotes":""},"categories":[83,80],"tags":[],"class_list":["post-80427","post","type-post","status-publish","format-standard","has-post-thumbnail","hentry","category-destacado","category-mundo"],"_links":{"self":[{"href":"https:\/\/themexicopost.com\/index.php?rest_route=\/wp\/v2\/posts\/80427","targetHints":{"allow":["GET"]}}],"collection":[{"href":"https:\/\/themexicopost.com\/index.php?rest_route=\/wp\/v2\/posts"}],"about":[{"href":"https:\/\/themexicopost.com\/index.php?rest_route=\/wp\/v2\/types\/post"}],"author":[{"embeddable":true,"href":"https:\/\/themexicopost.com\/index.php?rest_route=\/wp\/v2\/users\/1"}],"replies":[{"embeddable":true,"href":"https:\/\/themexicopost.com\/index.php?rest_route=%2Fwp%2Fv2%2Fcomments&post=80427"}],"version-history":[{"count":1,"href":"https:\/\/themexicopost.com\/index.php?rest_route=\/wp\/v2\/posts\/80427\/revisions"}],"predecessor-version":[{"id":80432,"href":"https:\/\/themexicopost.com\/index.php?rest_route=\/wp\/v2\/posts\/80427\/revisions\/80432"}],"wp:featuredmedia":[{"embeddable":true,"href":"https:\/\/themexicopost.com\/index.php?rest_route=\/wp\/v2\/media\/80431"}],"wp:attachment":[{"href":"https:\/\/themexicopost.com\/index.php?rest_route=%2Fwp%2Fv2%2Fmedia&parent=80427"}],"wp:term":[{"taxonomy":"category","embeddable":true,"href":"https:\/\/themexicopost.com\/index.php?rest_route=%2Fwp%2Fv2%2Fcategories&post=80427"},{"taxonomy":"post_tag","embeddable":true,"href":"https:\/\/themexicopost.com\/index.php?rest_route=%2Fwp%2Fv2%2Ftags&post=80427"}],"curies":[{"name":"wp","href":"https:\/\/api.w.org\/{rel}","templated":true}]}}