{"id":80442,"date":"2026-04-28T07:20:49","date_gmt":"2026-04-28T13:20:49","guid":{"rendered":"https:\/\/themexicopost.com\/?p=80442"},"modified":"2026-04-28T07:21:02","modified_gmt":"2026-04-28T13:21:02","slug":"corea-del-norte-inaugura-museo-para-soldados-caidos-en-ucrania","status":"publish","type":"post","link":"https:\/\/themexicopost.com\/?p=80442","title":{"rendered":"Corea del Norte inaugura museo para soldados ca\u00eddos en Ucrania"},"content":{"rendered":"\n<figure class=\"wp-block-pullquote\"><blockquote><p>Kim Jong-un destaca cooperaci\u00f3n militar con Mosc\u00fa en medio del conflicto en Europa del Este.<\/p><\/blockquote><\/figure>\n\n\n\n<p class=\"has-drop-cap\">El l\u00edder de Corea del Norte, Kim Jong-un, inaugur\u00f3 un museo conmemorativo dedicado a los soldados norcoreanos que habr\u00edan participado en la guerra de Rusia contra Ucrania, en una ceremonia realizada con la presencia de altos funcionarios rusos, seg\u00fan inform\u00f3 la agencia estatal KCNA.<br><\/p>\n\n\n\n<p>El recinto, denominado Museo Conmemorativo de las Haza\u00f1as de Combate de las Operaciones Militares en el Extranjero, busca rendir homenaje a los militares ca\u00eddos en operaciones fuera del pa\u00eds, en particular en la regi\u00f3n rusa de Kursk, donde se reportaron enfrentamientos con fuerzas ucranianas.<br><\/p>\n\n\n\n<p>El acto cont\u00f3 con la participaci\u00f3n del presidente de la Duma Estatal rusa, Viacheslav Volodin, y del ministro de Defensa, Andr\u00e9i Belo\u00fasov, lo que refuerza el car\u00e1cter pol\u00edtico y militar del evento como muestra de la creciente cooperaci\u00f3n entre Mosc\u00fa y Pyongyang.<br><\/p>\n\n\n\n<p>Durante la ceremonia, Kim Jong-un afirm\u00f3 que la relaci\u00f3n con Rusia debe fortalecerse hasta convertirse en un baluarte poderoso, subrayando la necesidad de profundizar la alianza estrat\u00e9gica entre ambos pa\u00edses.<br><\/p>\n\n\n\n<p>El presidente ruso, Vlad\u00edmir Putin, envi\u00f3 un mensaje de agradecimiento a los soldados norcoreanos y expres\u00f3 su reconocimiento por el apoyo militar recibido en el conflicto, seg\u00fan reportes del Kremlin y medios estatales norcoreanos.<br><\/p>\n\n\n\n<p>De acuerdo con estimaciones de inteligencia surcoreana, Corea del Norte habr\u00eda desplegado alrededor de 15.000 soldados en apoyo a Rusia tras la firma de un acuerdo de cooperaci\u00f3n estrat\u00e9gica en 2024, que contempla asistencia militar mutua en caso de agresi\u00f3n.<br><\/p>\n\n\n\n<p>Analistas internacionales advierten que esta colaboraci\u00f3n marca un giro significativo en el equilibrio geopol\u00edtico, al consolidar un eje de cooperaci\u00f3n militar entre Rusia y Corea del Norte en plena guerra en Ucrania, lo que podr\u00eda tener implicaciones de largo alcance para la seguridad global.<\/p>\n","protected":false},"excerpt":{"rendered":"<p>Kim Jong-un destaca cooperaci\u00f3n militar con Mosc\u00fa en medio del conflicto en Europa del Este. El l\u00edder de Corea del Norte, Kim Jong-un, inaugur\u00f3 un museo conmemorativo dedicado a los soldados norcoreanos que habr\u00edan participado en la guerra de Rusia contra Ucrania, en una ceremonia realizada con la presencia de altos funcionarios rusos, seg\u00fan inform\u00f3 [&hellip;]<\/p>\n","protected":false},"author":1,"featured_media":80446,"comment_status":"closed","ping_status":"closed","sticky":false,"template":"","format":"standard","meta":{"footnotes":""},"categories":[83,80,85],"tags":[],"class_list":["post-80442","post","type-post","status-publish","format-standard","has-post-thumbnail","hentry","category-destacado","category-mundo","category-portada"],"_links":{"self":[{"href":"https:\/\/themexicopost.com\/index.php?rest_route=\/wp\/v2\/posts\/80442","targetHints":{"allow":["GET"]}}],"collection":[{"href":"https:\/\/themexicopost.com\/index.php?rest_route=\/wp\/v2\/posts"}],"about":[{"href":"https:\/\/themexicopost.com\/index.php?rest_route=\/wp\/v2\/types\/post"}],"author":[{"embeddable":true,"href":"https:\/\/themexicopost.com\/index.php?rest_route=\/wp\/v2\/users\/1"}],"replies":[{"embeddable":true,"href":"https:\/\/themexicopost.com\/index.php?rest_route=%2Fwp%2Fv2%2Fcomments&post=80442"}],"version-history":[{"count":1,"href":"https:\/\/themexicopost.com\/index.php?rest_route=\/wp\/v2\/posts\/80442\/revisions"}],"predecessor-version":[{"id":80447,"href":"https:\/\/themexicopost.com\/index.php?rest_route=\/wp\/v2\/posts\/80442\/revisions\/80447"}],"wp:featuredmedia":[{"embeddable":true,"href":"https:\/\/themexicopost.com\/index.php?rest_route=\/wp\/v2\/media\/80446"}],"wp:attachment":[{"href":"https:\/\/themexicopost.com\/index.php?rest_route=%2Fwp%2Fv2%2Fmedia&parent=80442"}],"wp:term":[{"taxonomy":"category","embeddable":true,"href":"https:\/\/themexicopost.com\/index.php?rest_route=%2Fwp%2Fv2%2Fcategories&post=80442"},{"taxonomy":"post_tag","embeddable":true,"href":"https:\/\/themexicopost.com\/index.php?rest_route=%2Fwp%2Fv2%2Ftags&post=80442"}],"curies":[{"name":"wp","href":"https:\/\/api.w.org\/{rel}","templated":true}]}}