{"id":80448,"date":"2026-04-28T07:25:09","date_gmt":"2026-04-28T13:25:09","guid":{"rendered":"https:\/\/themexicopost.com\/?p=80448"},"modified":"2026-04-28T07:25:22","modified_gmt":"2026-04-28T13:25:22","slug":"eua-presiona-a-mexico-y-a-canada-reducira-aranceles-al-acero-y-aluminio-solo-si-invierten-en-su-territorio","status":"publish","type":"post","link":"https:\/\/themexicopost.com\/?p=80448","title":{"rendered":"EUA PRESIONA A M\u00c9XICO Y A CANAD\u00c1; REDUCIR\u00c1 ARANCELES AL ACERO Y ALUMINIO SOLO SI INVIERTEN EN SU TERRITORIO"},"content":{"rendered":"\n<figure class=\"wp-block-pullquote\"><blockquote><p>La medida presiona a M\u00e9xico, redefine la competencia regional y marca el tono rumbo a la revisi\u00f3n del T-MEC<\/p><\/blockquote><\/figure>\n\n\n\n<p class=\"has-drop-cap\">En un movimiento estrat\u00e9gico con implicaciones econ\u00f3micas y geopol\u00edticas, el Gobierno de Estados Unidos anunci\u00f3 la reducci\u00f3n de aranceles al acero y aluminio provenientes de M\u00e9xico y Canad\u00e1, condicionando este beneficio a que las empresas inviertan y produzcan dentro de su territorio.<br><\/p>\n\n\n\n<p>La disposici\u00f3n, publicada en el Registro Federal, reduce las tarifas del 50 al 25 por ciento; sin embargo, establece requisitos estrictos: las compa\u00f1\u00edas deber\u00e1n presentar planes concretos de inversi\u00f3n, definir ubicaci\u00f3n y capacidad productiva, as\u00ed como cumplir con procesos clave como el fundido y colado en la regi\u00f3n, particularmente en la cadena de suministro de veh\u00edculos medianos y pesados.<br><\/p>\n\n\n\n<p>M\u00e1s all\u00e1 del ajuste arancelario, especialistas coinciden en que se trata de una pol\u00edtica industrial activa que busca acelerar la reconfiguraci\u00f3n productiva en favor de Estados Unidos, trasladando presi\u00f3n directa a socios comerciales y corporativos que operan en la regi\u00f3n.<br><\/p>\n\n\n\n<figure class=\"wp-block-image size-large\"><img fetchpriority=\"high\" decoding=\"async\" width=\"1024\" height=\"684\" src=\"https:\/\/themexicopost.com\/wp-content\/uploads\/2026\/04\/estados-3-1024x684.jpg\" alt=\"\" class=\"wp-image-80452\" srcset=\"https:\/\/themexicopost.com\/wp-content\/uploads\/2026\/04\/estados-3-1024x684.jpg 1024w, https:\/\/themexicopost.com\/wp-content\/uploads\/2026\/04\/estados-3-300x201.jpg 300w, https:\/\/themexicopost.com\/wp-content\/uploads\/2026\/04\/estados-3-768x513.jpg 768w, https:\/\/themexicopost.com\/wp-content\/uploads\/2026\/04\/estados-3.jpg 1200w\" sizes=\"(max-width: 1024px) 100vw, 1024px\" \/><\/figure>\n\n\n\n<p>Este esquema ha sido interpretado como un \u201cnearshoring inverso\u201d, al incentivar la relocalizaci\u00f3n de capital hacia territorio estadounidense, en contraste con la tendencia reciente que posicionaba a M\u00e9xico como destino estrat\u00e9gico de inversi\u00f3n. Adem\u00e1s, podr\u00eda implicar un endurecimiento indirecto de las reglas de origen, privilegiando la generaci\u00f3n de valor agregado dentro de Estados Unidos.<br><\/p>\n\n\n\n<p>El impacto se concentrar\u00e1 en grandes corporaciones del sector automotriz como General Motors, Ford Motor Company y Stellantis, as\u00ed como en su red de proveedores, quienes deber\u00e1n redefinir sus estrategias ante un entorno m\u00e1s exigente y competitivo.<br><\/p>\n\n\n\n<p>Si bien la reducci\u00f3n de aranceles podr\u00eda representar un alivio en costos, factores estructurales como el alto costo laboral y energ\u00e9tico en Estados Unidos limitan su atractivo como destino de inversi\u00f3n, lo que abre un escenario de decisiones complejas para la industria.<br><\/p>\n\n\n\n<p>En perspectiva, esta medida anticipa una postura m\u00e1s firme de Washington en la defensa de su pol\u00edtica industrial y comercial, de cara a la revisi\u00f3n del Tratado entre M\u00e9xico, Estados Unidos y Canad\u00e1 (T-MEC), y podr\u00eda replicarse en otros sectores estrat\u00e9gicos, elevando la presi\u00f3n sobre la competitividad regional y el equilibrio econ\u00f3mico en Norteam\u00e9rica.<\/p>\n\n\n\n<figure class=\"wp-block-image size-large\"><img decoding=\"async\" width=\"1024\" height=\"684\" src=\"https:\/\/themexicopost.com\/wp-content\/uploads\/2026\/04\/estados-1024x684.jpg\" alt=\"\" class=\"wp-image-80453\" srcset=\"https:\/\/themexicopost.com\/wp-content\/uploads\/2026\/04\/estados-1024x684.jpg 1024w, https:\/\/themexicopost.com\/wp-content\/uploads\/2026\/04\/estados-300x201.jpg 300w, https:\/\/themexicopost.com\/wp-content\/uploads\/2026\/04\/estados-768x513.jpg 768w, https:\/\/themexicopost.com\/wp-content\/uploads\/2026\/04\/estados.jpg 1200w\" sizes=\"(max-width: 1024px) 100vw, 1024px\" \/><\/figure>\n","protected":false},"excerpt":{"rendered":"<p>La medida presiona a M\u00e9xico, redefine la competencia regional y marca el tono rumbo a la revisi\u00f3n del T-MEC<\/p>\n","protected":false},"author":1,"featured_media":80451,"comment_status":"closed","ping_status":"closed","sticky":false,"template":"","format":"standard","meta":{"footnotes":""},"categories":[83,80,81,85],"tags":[],"class_list":["post-80448","post","type-post","status-publish","format-standard","has-post-thumbnail","hentry","category-destacado","category-mundo","category-nacional","category-portada"],"_links":{"self":[{"href":"https:\/\/themexicopost.com\/index.php?rest_route=\/wp\/v2\/posts\/80448","targetHints":{"allow":["GET"]}}],"collection":[{"href":"https:\/\/themexicopost.com\/index.php?rest_route=\/wp\/v2\/posts"}],"about":[{"href":"https:\/\/themexicopost.com\/index.php?rest_route=\/wp\/v2\/types\/post"}],"author":[{"embeddable":true,"href":"https:\/\/themexicopost.com\/index.php?rest_route=\/wp\/v2\/users\/1"}],"replies":[{"embeddable":true,"href":"https:\/\/themexicopost.com\/index.php?rest_route=%2Fwp%2Fv2%2Fcomments&post=80448"}],"version-history":[{"count":1,"href":"https:\/\/themexicopost.com\/index.php?rest_route=\/wp\/v2\/posts\/80448\/revisions"}],"predecessor-version":[{"id":80454,"href":"https:\/\/themexicopost.com\/index.php?rest_route=\/wp\/v2\/posts\/80448\/revisions\/80454"}],"wp:featuredmedia":[{"embeddable":true,"href":"https:\/\/themexicopost.com\/index.php?rest_route=\/wp\/v2\/media\/80451"}],"wp:attachment":[{"href":"https:\/\/themexicopost.com\/index.php?rest_route=%2Fwp%2Fv2%2Fmedia&parent=80448"}],"wp:term":[{"taxonomy":"category","embeddable":true,"href":"https:\/\/themexicopost.com\/index.php?rest_route=%2Fwp%2Fv2%2Fcategories&post=80448"},{"taxonomy":"post_tag","embeddable":true,"href":"https:\/\/themexicopost.com\/index.php?rest_route=%2Fwp%2Fv2%2Ftags&post=80448"}],"curies":[{"name":"wp","href":"https:\/\/api.w.org\/{rel}","templated":true}]}}