{"id":80495,"date":"2026-04-29T07:08:28","date_gmt":"2026-04-29T13:08:28","guid":{"rendered":"https:\/\/themexicopost.com\/?p=80495"},"modified":"2026-04-29T07:08:34","modified_gmt":"2026-04-29T13:08:34","slug":"foto-de-trump-estara-en-los-pasaportes-estadounidenses","status":"publish","type":"post","link":"https:\/\/themexicopost.com\/?p=80495","title":{"rendered":"Foto de Trump estar\u00e1 en los pasaportes estadounidenses"},"content":{"rendered":"\n<figure class=\"wp-block-pullquote\"><blockquote><p>Ser\u00e1 una edici\u00f3n limitada por el aniversario de la Independencia; congresistas dem\u00f3cratas criticaron la medida.<\/p><\/blockquote><\/figure>\n\n\n\n<p class=\"has-drop-cap\">La foto de Donald Trump aparecer\u00e1 pronto en algunos pasaportes de Estados Unidos, en una edici\u00f3n limitada para conmemorar el 250.\u00ba aniversario de la Declaraci\u00f3n de Independencia que se celebra en julio de este a\u00f1o, confirm\u00f3 el Departamento de Estado.<br><\/p>\n\n\n\n<p>Un art\u00edculo compartido por un portavoz del Departamento de Estado mostr\u00f3 una imagen de Trump en el pasaporte superpuesta sobre la Declaraci\u00f3n de Independencia.<br><\/p>\n\n\n\n<p>Debajo est\u00e1 la firma del mandatario en oro. Una segunda edici\u00f3n limitada muestra una pintura de los padres fundadores estadounidenses.<br><\/p>\n\n\n\n<p>Hay pocos precedentes modernos en el mundo, y menos a\u00fan en una democracia, de fotos de l\u00edderes en ejercicio que aparecen en los pasaportes, ya que la mayor\u00eda de los pa\u00edses prefieren representar im\u00e1genes hist\u00f3ricas o de la naturaleza.<br><\/p>\n\n\n\n<p>Congresistas del Partido Dem\u00f3crata criticaron al secretario de Estado, Marco Rubio, por la iniciativa.<br><\/p>\n\n\n\n<p>&#8220;El secretario Rubio deber\u00eda pasar m\u00e1s tiempo en convencer a su jefe de terminar la guerra que eligi\u00f3 en Ir\u00e1n, y menos en desperdiciar el dinero de los contribuyentes estadounidenses para alimentar la vanidad de Trump&#8221;, escribieron en X los dem\u00f3cratas del Comit\u00e9 de Asuntos Exteriores de la C\u00e1mara de Representantes.<br><\/p>\n\n\n\n<p>Los pasaportes estadounidenses actuales muestran varias escenas de la historia del pa\u00eds, como el alunizaje, junto con lugares o monumentos hist\u00f3ricos como la Estatua de la Libertad.<br><\/p>\n\n\n\n<p>Desde que regres\u00f3 al cargo en 2025, varios edificios gubernamentales en Washington han colocado pancartas con la imagen de Trump, que tambi\u00e9n impuso su nombre al Centro Kennedy de artes esc\u00e9nicas y al desmantelado Instituto de la Paz de Estados Unidos.<br><\/p>\n\n\n\n<p>El mes pasado, el Departamento del Tesoro dijo que la firma de Trump comenzar\u00eda a aparecer en billetes de d\u00f3lar, en otro hecho sin precedentes.<\/p>\n","protected":false},"excerpt":{"rendered":"<p>Ser\u00e1 una edici\u00f3n limitada por el aniversario de la Independencia; congresistas dem\u00f3cratas criticaron la medida. La foto de Donald Trump aparecer\u00e1 pronto en algunos pasaportes de Estados Unidos, en una edici\u00f3n limitada para conmemorar el 250.\u00ba aniversario de la Declaraci\u00f3n de Independencia que se celebra en julio de este a\u00f1o, confirm\u00f3 el Departamento de Estado. [&hellip;]<\/p>\n","protected":false},"author":1,"featured_media":80499,"comment_status":"closed","ping_status":"closed","sticky":false,"template":"","format":"standard","meta":{"footnotes":""},"categories":[80],"tags":[],"class_list":["post-80495","post","type-post","status-publish","format-standard","has-post-thumbnail","hentry","category-mundo"],"_links":{"self":[{"href":"https:\/\/themexicopost.com\/index.php?rest_route=\/wp\/v2\/posts\/80495","targetHints":{"allow":["GET"]}}],"collection":[{"href":"https:\/\/themexicopost.com\/index.php?rest_route=\/wp\/v2\/posts"}],"about":[{"href":"https:\/\/themexicopost.com\/index.php?rest_route=\/wp\/v2\/types\/post"}],"author":[{"embeddable":true,"href":"https:\/\/themexicopost.com\/index.php?rest_route=\/wp\/v2\/users\/1"}],"replies":[{"embeddable":true,"href":"https:\/\/themexicopost.com\/index.php?rest_route=%2Fwp%2Fv2%2Fcomments&post=80495"}],"version-history":[{"count":1,"href":"https:\/\/themexicopost.com\/index.php?rest_route=\/wp\/v2\/posts\/80495\/revisions"}],"predecessor-version":[{"id":80500,"href":"https:\/\/themexicopost.com\/index.php?rest_route=\/wp\/v2\/posts\/80495\/revisions\/80500"}],"wp:featuredmedia":[{"embeddable":true,"href":"https:\/\/themexicopost.com\/index.php?rest_route=\/wp\/v2\/media\/80499"}],"wp:attachment":[{"href":"https:\/\/themexicopost.com\/index.php?rest_route=%2Fwp%2Fv2%2Fmedia&parent=80495"}],"wp:term":[{"taxonomy":"category","embeddable":true,"href":"https:\/\/themexicopost.com\/index.php?rest_route=%2Fwp%2Fv2%2Fcategories&post=80495"},{"taxonomy":"post_tag","embeddable":true,"href":"https:\/\/themexicopost.com\/index.php?rest_route=%2Fwp%2Fv2%2Ftags&post=80495"}],"curies":[{"name":"wp","href":"https:\/\/api.w.org\/{rel}","templated":true}]}}