{"id":80525,"date":"2026-04-29T07:20:46","date_gmt":"2026-04-29T13:20:46","guid":{"rendered":"https:\/\/themexicopost.com\/?p=80525"},"modified":"2026-04-29T07:20:56","modified_gmt":"2026-04-29T13:20:56","slug":"corea-del-norte-incremento-las-ejecuciones-durante-la-pandemia-ong","status":"publish","type":"post","link":"https:\/\/themexicopost.com\/?p=80525","title":{"rendered":"Corea del Norte increment\u00f3 las ejecuciones durante la pandemia: ONG"},"content":{"rendered":"\n<figure class=\"wp-block-pullquote\"><blockquote><p>El n\u00famero de ejecuciones o condenas a muerte se triplic\u00f3 a partir de 2020, tras el cierre fronterizo, afirma el Transitional Justice Working Group.<\/p><\/blockquote><\/figure>\n\n\n\n<p class=\"has-drop-cap\">El r\u00e9gimen norcoreano ejecut\u00f3 o conden\u00f3 a muerte al menos a 153 personas entre 2020 y 2024, triplicando los datos de los cinco a\u00f1os previos, coincidiendo con la pandemia de covid-19 y la imposici\u00f3n de castigos m\u00e1s severos por consumir cultura surcoreana, denunci\u00f3 el Transitional Justice Working Group (TJWG).<br><\/p>\n\n\n\n<p>La oeneg\u00e9 surcoreana se\u00f1al\u00f3 en un informe que, en los cinco a\u00f1os posteriores al cierre fronterizo por la pandemia en 2020, al menos 153 personas fueron ejecutadas o condenadas a muerte en Corea del Norte, frente a 44 en los cinco a\u00f1os previos.<br><\/p>\n\n\n\n<p>Seg\u00fan el reporte &#8220;Mapeando las ejecuciones en Corea del Norte antes y despu\u00e9s de la pandemia de Covid-19&#8221;, las ejecuciones disminuyeron entre 2015 y 2019 coincidiendo con la mayor presi\u00f3n internacional, pero repuntaron en 2020 tras el cierre fronterizo.<br><\/p>\n\n\n\n<p>El informe analiz\u00f3 144 casos de ejecuciones y sentencias de muerte en 13 a\u00f1os del Gobierno de Kim Jong-un (2011-2024), con al menos 358 personas ejecutadas. La mayor\u00eda fueron ejecuciones p\u00fablicas (72,8%) y el m\u00e9todo predominante fue el fusilamiento (96,4%).<br><\/p>\n\n\n\n<p>Tambi\u00e9n identific\u00f3 46 lugares de ejecuci\u00f3n, incluidos varios en Pionyang pr\u00f3ximos a la sede central del Partido de los Trabajadores, referida como la oficina de Kim Jong-un.<br><\/p>\n\n\n\n<p>El TJWG sostuvo que las penas capitales se utilizan como herramienta de control pol\u00edtico, social e ideol\u00f3gico, destacando el aumento de las ejecuciones vinculadas al consumo o difusi\u00f3n de cultura surcoreana, pr\u00e1cticas religiosas y supersticiosas y los condenados por delitos pol\u00edticos.<br><\/p>\n\n\n\n<p>El estudio de la oeneg\u00e9 defensora de derechos humanos se elabor\u00f3 con informaci\u00f3n procedente de testimonios de 265 desertores norcoreanos que vivieron en distintas zonas del pa\u00eds durante el mandato de Kim Jong-un, as\u00ed como de cinco medios especializados con fuentes dentro de Corea del Norte.<br><\/p>\n\n\n\n<p>Los hallazgos de TJWG coinciden con testimonios recientes de desertores y denuncias previas de la ONU y otras oeneg\u00e9s que se\u00f1alan la pandemia de covid-19 como un punto de inflexi\u00f3n en la represi\u00f3n interna de Corea del Norte, al coincidir con un deterioro dr\u00e1stico de las condiciones de vida y la adopci\u00f3n de medidas legales para reforzar el control ideol\u00f3gico.<br><\/p>\n\n\n\n<p>La ONU, por su parte, aprob\u00f3 a finales del mes pasado una nueva resoluci\u00f3n condenatoria de las violaciones de derechos humanos por parte del r\u00e9gimen norcoreano, la cual fue copatrocinada por Corea del Sur.<\/p>\n","protected":false},"excerpt":{"rendered":"<p>El n\u00famero de ejecuciones o condenas a muerte se triplic\u00f3 a partir de 2020, tras el cierre fronterizo, afirma el Transitional Justice Working Group. El r\u00e9gimen norcoreano ejecut\u00f3 o conden\u00f3 a muerte al menos a 153 personas entre 2020 y 2024, triplicando los datos de los cinco a\u00f1os previos, coincidiendo con la pandemia de covid-19 [&hellip;]<\/p>\n","protected":false},"author":1,"featured_media":80529,"comment_status":"closed","ping_status":"closed","sticky":false,"template":"","format":"standard","meta":{"footnotes":""},"categories":[83,80],"tags":[],"class_list":["post-80525","post","type-post","status-publish","format-standard","has-post-thumbnail","hentry","category-destacado","category-mundo"],"_links":{"self":[{"href":"https:\/\/themexicopost.com\/index.php?rest_route=\/wp\/v2\/posts\/80525","targetHints":{"allow":["GET"]}}],"collection":[{"href":"https:\/\/themexicopost.com\/index.php?rest_route=\/wp\/v2\/posts"}],"about":[{"href":"https:\/\/themexicopost.com\/index.php?rest_route=\/wp\/v2\/types\/post"}],"author":[{"embeddable":true,"href":"https:\/\/themexicopost.com\/index.php?rest_route=\/wp\/v2\/users\/1"}],"replies":[{"embeddable":true,"href":"https:\/\/themexicopost.com\/index.php?rest_route=%2Fwp%2Fv2%2Fcomments&post=80525"}],"version-history":[{"count":1,"href":"https:\/\/themexicopost.com\/index.php?rest_route=\/wp\/v2\/posts\/80525\/revisions"}],"predecessor-version":[{"id":80530,"href":"https:\/\/themexicopost.com\/index.php?rest_route=\/wp\/v2\/posts\/80525\/revisions\/80530"}],"wp:featuredmedia":[{"embeddable":true,"href":"https:\/\/themexicopost.com\/index.php?rest_route=\/wp\/v2\/media\/80529"}],"wp:attachment":[{"href":"https:\/\/themexicopost.com\/index.php?rest_route=%2Fwp%2Fv2%2Fmedia&parent=80525"}],"wp:term":[{"taxonomy":"category","embeddable":true,"href":"https:\/\/themexicopost.com\/index.php?rest_route=%2Fwp%2Fv2%2Fcategories&post=80525"},{"taxonomy":"post_tag","embeddable":true,"href":"https:\/\/themexicopost.com\/index.php?rest_route=%2Fwp%2Fv2%2Ftags&post=80525"}],"curies":[{"name":"wp","href":"https:\/\/api.w.org\/{rel}","templated":true}]}}