{"id":80531,"date":"2026-04-29T07:23:02","date_gmt":"2026-04-29T13:23:02","guid":{"rendered":"https:\/\/themexicopost.com\/?p=80531"},"modified":"2026-04-29T07:23:12","modified_gmt":"2026-04-29T13:23:12","slug":"atacan-universidad-de-afganistan-dejando-al-menos-seis-muertos-y-70-heridos","status":"publish","type":"post","link":"https:\/\/themexicopost.com\/?p=80531","title":{"rendered":"Atacan universidad de Afganist\u00e1n, dejando al menos seis muertos y 70 heridos"},"content":{"rendered":"\n<figure class=\"wp-block-pullquote\"><blockquote><p>El bombardeo, perpetrado cerca de la ciudad de Asadabad, golpe\u00f3 zonas residenciales y las instalaciones de una escuela.<\/p><\/blockquote><\/figure>\n\n\n\n<p class=\"has-drop-cap\">Al menos seis muertos, 70 heridos y un campus universitario evacuado y destrozado marcan el balance del \u00faltimo ataque paquistan\u00ed en el este de Afganist\u00e1n denunciado por los talibanes, una escalada de violencia que ha desatado promesas de venganza desde Kabul y la rotunda negaci\u00f3n de Islamabad.<br><\/p>\n\n\n\n<p>El bombardeo, perpetrado cerca de la ciudad de Asadabad, en la provincia oriental de Kunar, golpe\u00f3 zonas residenciales y las instalaciones de la Universidad Sayed Jamaluddin Afghani, dejando entre el total de v\u00edctimas, seg\u00fan la polic\u00eda provincial, al menos un estudiante muerto y otros 30 alumnos heridos.<br><\/p>\n\n\n\n<p>El ataque tambi\u00e9n caus\u00f3 una destrucci\u00f3n generalizada en el campus. Los informes indican que impact\u00f3 especialmente en la Facultad de Educaci\u00f3n, dejando da\u00f1os en la infraestructura, ventanas y equipos de otras facultades y bibliotecas cercanas.<br><\/p>\n\n\n\n<p>El bombardeo ha obligado a suspender las clases justo cuando se acercaban los ex\u00e1menes semestrales. Seg\u00fan confirmaron tanto alumnos como residentes locales, las instalaciones y los dormitorios han sido completamente evacuados.<br><\/p>\n\n\n\n<p>Pakist\u00e1n ha negado haber atacado infraestructura civil y sostiene que sus operaciones son precisas y se dirigen \u00fanicamente contra posiciones del grupo al que acusa de operar en su territorio bajo el paraguas de los talibanes, el Tehrik-i-Taliban Pakistan (TTP) o talibanes paquistan\u00edes, aliados ideol\u00f3gicamente con el Emirato Isl\u00e1mico. Kabul siempre ha negado la acusaci\u00f3n.<br><\/p>\n\n\n\n<p>La ONU asegur\u00f3 haber documentado en este \u00faltimo ataque decenas de v\u00edctimas entre muertos y heridos y ha exigido una investigaci\u00f3n independiente, adem\u00e1s de recordar que universidades, hospitales y zonas residenciales deben quedar fuera de cualquier ofensiva militar.<br><\/p>\n\n\n\n<p>El ministro de Educaci\u00f3n Superior de Afganist\u00e1n, Neda Mohammad Nadim, visit\u00f3 a los estudiantes heridos en los hospitales de Kunar y lanz\u00f3 una advertencia a Islamabad.<\/p>\n","protected":false},"excerpt":{"rendered":"<p>El bombardeo, perpetrado cerca de la ciudad de Asadabad, golpe\u00f3 zonas residenciales y las instalaciones de una escuela. Al menos seis muertos, 70 heridos y un campus universitario evacuado y destrozado marcan el balance del \u00faltimo ataque paquistan\u00ed en el este de Afganist\u00e1n denunciado por los talibanes, una escalada de violencia que ha desatado promesas [&hellip;]<\/p>\n","protected":false},"author":1,"featured_media":80535,"comment_status":"closed","ping_status":"closed","sticky":false,"template":"","format":"standard","meta":{"footnotes":""},"categories":[83,80,85],"tags":[],"class_list":["post-80531","post","type-post","status-publish","format-standard","has-post-thumbnail","hentry","category-destacado","category-mundo","category-portada"],"_links":{"self":[{"href":"https:\/\/themexicopost.com\/index.php?rest_route=\/wp\/v2\/posts\/80531","targetHints":{"allow":["GET"]}}],"collection":[{"href":"https:\/\/themexicopost.com\/index.php?rest_route=\/wp\/v2\/posts"}],"about":[{"href":"https:\/\/themexicopost.com\/index.php?rest_route=\/wp\/v2\/types\/post"}],"author":[{"embeddable":true,"href":"https:\/\/themexicopost.com\/index.php?rest_route=\/wp\/v2\/users\/1"}],"replies":[{"embeddable":true,"href":"https:\/\/themexicopost.com\/index.php?rest_route=%2Fwp%2Fv2%2Fcomments&post=80531"}],"version-history":[{"count":1,"href":"https:\/\/themexicopost.com\/index.php?rest_route=\/wp\/v2\/posts\/80531\/revisions"}],"predecessor-version":[{"id":80536,"href":"https:\/\/themexicopost.com\/index.php?rest_route=\/wp\/v2\/posts\/80531\/revisions\/80536"}],"wp:featuredmedia":[{"embeddable":true,"href":"https:\/\/themexicopost.com\/index.php?rest_route=\/wp\/v2\/media\/80535"}],"wp:attachment":[{"href":"https:\/\/themexicopost.com\/index.php?rest_route=%2Fwp%2Fv2%2Fmedia&parent=80531"}],"wp:term":[{"taxonomy":"category","embeddable":true,"href":"https:\/\/themexicopost.com\/index.php?rest_route=%2Fwp%2Fv2%2Fcategories&post=80531"},{"taxonomy":"post_tag","embeddable":true,"href":"https:\/\/themexicopost.com\/index.php?rest_route=%2Fwp%2Fv2%2Ftags&post=80531"}],"curies":[{"name":"wp","href":"https:\/\/api.w.org\/{rel}","templated":true}]}}