{"id":8054,"date":"2023-04-11T15:32:44","date_gmt":"2023-04-11T15:32:44","guid":{"rendered":"https:\/\/themexicopost.com\/?p=8054"},"modified":"2023-04-11T15:32:45","modified_gmt":"2023-04-11T15:32:45","slug":"incertidumbre-economica-mundial-provoca-reunion-del-fmi-y-bm","status":"publish","type":"post","link":"https:\/\/themexicopost.com\/?p=8054","title":{"rendered":"Incertidumbre econ\u00f3mica mundial provoca reuni\u00f3n del FMI y BM"},"content":{"rendered":"\n<figure class=\"wp-block-pullquote\"><blockquote><p>Se espera un menor crecimiento en las econom\u00edas del mundo debido a la pandemia por Covid-19, la guerra en Ucrania y la inflaci\u00f3n.<\/p><\/blockquote><\/figure>\n\n\n\n<p class=\"has-drop-cap wp-block-paragraph\">El Fondo Monetario Internacional (FMI) y el Banco Mundial (BM) comienzan este lunes en Washington sus reuniones de primavera, en las que se presentar\u00e1 una actualizaci\u00f3n de las previsiones de crecimiento mundial en una coyuntura incierta en la que el 90% de las econom\u00edas avanzadas crecer\u00e1 menos.<br><\/p>\n\n\n\n<p class=\"wp-block-paragraph\">As\u00ed lo adelant\u00f3 el pasado jueves en un acto p\u00fablico la directora gerente del FMI, Kristalina Georgieva. Tras tiempos de \u201cescalar una monta\u00f1a tras otra\u201d -con el Covid-19, la guerra de Ucrania y la inflaci\u00f3n- en los que la mayor\u00eda de pa\u00edses han demostrado ser \u201cescaladores resistentes\u201d, el terreno monta\u00f1oso no ha acabado.<br><\/p>\n\n\n\n<p class=\"wp-block-paragraph\">Para los pr\u00f3ximos cinco a\u00f1os se espera uncrecimiento global de en torno al 3%, el pron\u00f3stico de alza a medio plazo m\u00e1s bajo desde 1990 y un dato muy por debajo del promedio de las \u00faltimas dos d\u00e9cadas, el 3,8 %.<br><\/p>\n\n\n\n<p class=\"wp-block-paragraph\">Casi todas las principales econom\u00edas mundiales tendr\u00e1n una disminuci\u00f3n en su tasa de crecimiento. Solo se salvar\u00e1n potencias asi\u00e1ticas como China o la India, que representar\u00e1n la mitad del crecimiento mundial en 2023, adelant\u00f3 la directora del Fondo.<br><\/p>\n\n\n\n<p class=\"wp-block-paragraph\">La eurozona y Estados Unidos se enfrentan a \u201cuna subida m\u00e1s empinada\u201d, ya que las tasas de inter\u00e9s van a pesar sobre la demanda.<br><\/p>\n\n\n\n<p class=\"wp-block-paragraph\">Con el objetivo de enfriar la econom\u00eda y bajar las tasas de inflaci\u00f3n, la Reserva Federal estadounidense ha llevado a cabo desde marzo de 2022 una serie de subidas en los tipos de inter\u00e9s. Un total de nueve alzas hasta situarse en una horquilla de entre el 4,75 % y el 5 %, la tasa m\u00e1s alta en los \u00faltimos 16 a\u00f1os.<br><\/p>\n\n\n\n<p class=\"wp-block-paragraph\">Por su parte, el Banco Central Europeo ha subido los tipos en seis ocasiones desde julio de 2022 y hoy se sit\u00faan en el 3,5 %, la tasa m\u00e1s alta desde 2008.<br><\/p>\n\n\n\n<p class=\"wp-block-paragraph\">Estas subidas, apunt\u00f3 Georgieva, tendr\u00e1n consecuencias para el crecimiento y seguir\u00e1n produci\u00e9ndose hasta que la inflaci\u00f3n baje considerablemente. Es lo necesario y recomendable, afirm\u00f3 la directora gerente.<br><\/p>\n\n\n\n<p class=\"wp-block-paragraph\">El pr\u00f3ximo martes el FMI presentar\u00e1 su informe y se ver\u00e1 si se modifica la \u00faltima cifra de crecimiento estimado para 2023, del 2,9 %, anunciada en enero.<br><\/p>\n\n\n\n<p class=\"wp-block-paragraph\">La instituci\u00f3n presentar\u00e1 tambi\u00e9n esta pr\u00f3xima semana otros dos documentos: el Monitor Fiscal y el Informe de Estabilidad Financiera Global, donde se espera que haga balance de la salud bancaria tras los recientes conatos de crisis bancaria en Estados Unidos y Europa.<br><\/p>\n\n\n\n<p class=\"wp-block-paragraph\">Seg\u00fan Georgieva, tras esta crisis -\u201cesperada\u201d por la subida de tipos- se ha demostrado que \u201cel sector bancario ha recorrido un largo camino desde la crisis financiera mundial de 2008.<br><\/p>\n\n\n\n<p class=\"wp-block-paragraph\">Durante una semana, desde este lunes, directivos del Banco Mundial y el Fondo se reunir\u00e1n con ministros y directivos de instituciones financieras para discutir sobre el estado de la econom\u00eda mundial y los principales retos futuros.<br><\/p>\n\n\n\n<p class=\"wp-block-paragraph\">En opini\u00f3n de Georgieva, hay tres prioridades de acci\u00f3n: luchar contra la inflaci\u00f3n y para salvaguardar la estabilidad financiera; mejorar las perspectivas de crecimiento a medio plazo aumentando la productividad y fomentar la solidaridad para reducir las disparidades.<br><\/p>\n\n\n\n<p class=\"wp-block-paragraph\">Los participantes en estas reuniones de primavera llevar\u00e1n a cabo encuentros privados y foros p\u00fablicos de debate en los que se discutir\u00e1 sobre diversos temas como la deuda p\u00fablica, el empoderamiento econ\u00f3mico femenino, el gasto p\u00fablico o la inversi\u00f3n digital y en innovaci\u00f3n.<br><\/p>\n\n\n\n<p class=\"wp-block-paragraph\">Estas ser\u00e1n las \u00faltimas reuniones para el presidente del Banco Mundial, el estadounidense David Malpass, que anunci\u00f3 el pasado febrero su salida del puesto en junio para buscar nuevas oportunidades laborales.<\/p>\n","protected":false},"excerpt":{"rendered":"<p>Se espera un menor crecimiento en las econom\u00edas del mundo debido a la pandemia por Covid-19, la guerra en Ucrania y la inflaci\u00f3n. El Fondo Monetario Internacional (FMI) y el Banco Mundial (BM) comienzan este lunes en Washington sus reuniones de primavera, en las que se presentar\u00e1 una actualizaci\u00f3n de las previsiones de crecimiento mundial [&hellip;]<\/p>\n","protected":false},"author":1,"featured_media":8055,"comment_status":"closed","ping_status":"closed","sticky":false,"template":"","format":"standard","meta":{"footnotes":""},"categories":[83,80],"tags":[],"class_list":["post-8054","post","type-post","status-publish","format-standard","has-post-thumbnail","hentry","category-destacado","category-mundo"],"_links":{"self":[{"href":"https:\/\/themexicopost.com\/index.php?rest_route=\/wp\/v2\/posts\/8054","targetHints":{"allow":["GET"]}}],"collection":[{"href":"https:\/\/themexicopost.com\/index.php?rest_route=\/wp\/v2\/posts"}],"about":[{"href":"https:\/\/themexicopost.com\/index.php?rest_route=\/wp\/v2\/types\/post"}],"author":[{"embeddable":true,"href":"https:\/\/themexicopost.com\/index.php?rest_route=\/wp\/v2\/users\/1"}],"replies":[{"embeddable":true,"href":"https:\/\/themexicopost.com\/index.php?rest_route=%2Fwp%2Fv2%2Fcomments&post=8054"}],"version-history":[{"count":1,"href":"https:\/\/themexicopost.com\/index.php?rest_route=\/wp\/v2\/posts\/8054\/revisions"}],"predecessor-version":[{"id":8056,"href":"https:\/\/themexicopost.com\/index.php?rest_route=\/wp\/v2\/posts\/8054\/revisions\/8056"}],"wp:featuredmedia":[{"embeddable":true,"href":"https:\/\/themexicopost.com\/index.php?rest_route=\/wp\/v2\/media\/8055"}],"wp:attachment":[{"href":"https:\/\/themexicopost.com\/index.php?rest_route=%2Fwp%2Fv2%2Fmedia&parent=8054"}],"wp:term":[{"taxonomy":"category","embeddable":true,"href":"https:\/\/themexicopost.com\/index.php?rest_route=%2Fwp%2Fv2%2Fcategories&post=8054"},{"taxonomy":"post_tag","embeddable":true,"href":"https:\/\/themexicopost.com\/index.php?rest_route=%2Fwp%2Fv2%2Ftags&post=8054"}],"curies":[{"name":"wp","href":"https:\/\/api.w.org\/{rel}","templated":true}]}}