{"id":8057,"date":"2023-04-11T15:40:02","date_gmt":"2023-04-11T15:40:02","guid":{"rendered":"https:\/\/themexicopost.com\/?p=8057"},"modified":"2023-04-11T15:40:52","modified_gmt":"2023-04-11T15:40:52","slug":"pronostica-fmi-que-la-india-y-china-protagonizaran-la-mitad-del-crecimiento-mundial-en-2023","status":"publish","type":"post","link":"https:\/\/themexicopost.com\/?p=8057","title":{"rendered":"Pronostica FMI que la India y China protagonizar\u00e1n la mitad del crecimiento mundial en 2023"},"content":{"rendered":"\n<figure class=\"wp-block-pullquote\"><blockquote><p>Kristalina Georgieva, directora de la instituci\u00f3n, dijo que el crecimiento mundial se redujo en 2022 casi a la mitad, del 6,1% al 3,4%, y que la desaceleraci\u00f3n ha continuado este a\u00f1o.<\/p><\/blockquote><\/figure>\n\n\n\n<p class=\"has-drop-cap wp-block-paragraph\">India y China protagonizar\u00e1n la mitad del crecimiento mundial en 2023, afirm\u00f3 Kristalina Georgieva, directora del Fondo Monetario Internacional (FMI), en un discurso durante un evento celebrado el pasado jueves en Washington.<br><\/p>\n\n\n\n<p class=\"wp-block-paragraph\">&#8220;Hasta ahora, hemos demostrado ser escaladores resistentes. El camino que tenemos por delante \u2014y en especial el camino de vuelta a un crecimiento s\u00f3lido\u2014 es duro y brumoso, y las cuerdas que nos unen quiz\u00e1 sean m\u00e1s d\u00e9biles ahora que hace algunos a\u00f1os&#8221;, dijo al principio de su intervenci\u00f3n.<br><\/p>\n\n\n\n<p class=\"wp-block-paragraph\">En este sentido, destac\u00f3 que el crecimiento mundial en 2022 se redujo casi a la mitad, del 6,1 % al 3,4 %, y que la desaceleraci\u00f3n ha continuado este a\u00f1o. &#8220;Pese a la sorprendente resiliencia de los mercados laborales y del gasto de los hogares en la mayor\u00eda de las econom\u00edas avanzadas, y al impulso de la reapertura de China, prevemos que la econom\u00eda mundial crecer\u00e1 por debajo del 3 % en 2023&#8221;, a\u00f1adi\u00f3.<br><\/p>\n\n\n\n<p class=\"wp-block-paragraph\">Asimismo, explic\u00f3 que el crecimiento sigue siendo d\u00e9bil en comparaci\u00f3n con la tendencia hist\u00f3rica, tanto a corto como a medio plazo, agregando que se vislumbra un cierto impulso en las econom\u00edas emergentes, especialmente de Asia.<br><\/p>\n\n\n\n<p class=\"wp-block-paragraph\">Por otro lado, Georgieva se\u00f1al\u00f3 que la actividad econ\u00f3mica se est\u00e1 desacelerando en EE.UU. y la eurozona, donde unas tasas de inter\u00e9s m\u00e1s altas repercuten en la demanda, y precis\u00f3 que los pron\u00f3sticos apuntan a que este a\u00f1o la tasa de crecimiento disminuir\u00e1 en aproximadamente el 90 % de las econom\u00edas avanzadas.<br><\/p>\n\n\n\n<p class=\"wp-block-paragraph\">Ante este panorama, la directora del FMI dijo que existen tres acciones prioritarias: luchar contra la inflaci\u00f3n y salvaguardar la estabilidad financiera; mejorar las perspectivas de crecimiento a medio plazo; y fomentar la solidaridad para reducir las disparidades globales.<\/p>\n","protected":false},"excerpt":{"rendered":"<p>Kristalina Georgieva, directora de la instituci\u00f3n, dijo que el crecimiento mundial se redujo en 2022 casi a la mitad, del 6,1% al 3,4%, y que la desaceleraci\u00f3n ha continuado este a\u00f1o. India y China protagonizar\u00e1n la mitad del crecimiento mundial en 2023, afirm\u00f3 Kristalina Georgieva, directora del Fondo Monetario Internacional (FMI), en un discurso durante [&hellip;]<\/p>\n","protected":false},"author":1,"featured_media":8058,"comment_status":"closed","ping_status":"closed","sticky":false,"template":"","format":"standard","meta":{"footnotes":""},"categories":[83,80],"tags":[],"class_list":["post-8057","post","type-post","status-publish","format-standard","has-post-thumbnail","hentry","category-destacado","category-mundo"],"_links":{"self":[{"href":"https:\/\/themexicopost.com\/index.php?rest_route=\/wp\/v2\/posts\/8057","targetHints":{"allow":["GET"]}}],"collection":[{"href":"https:\/\/themexicopost.com\/index.php?rest_route=\/wp\/v2\/posts"}],"about":[{"href":"https:\/\/themexicopost.com\/index.php?rest_route=\/wp\/v2\/types\/post"}],"author":[{"embeddable":true,"href":"https:\/\/themexicopost.com\/index.php?rest_route=\/wp\/v2\/users\/1"}],"replies":[{"embeddable":true,"href":"https:\/\/themexicopost.com\/index.php?rest_route=%2Fwp%2Fv2%2Fcomments&post=8057"}],"version-history":[{"count":2,"href":"https:\/\/themexicopost.com\/index.php?rest_route=\/wp\/v2\/posts\/8057\/revisions"}],"predecessor-version":[{"id":8060,"href":"https:\/\/themexicopost.com\/index.php?rest_route=\/wp\/v2\/posts\/8057\/revisions\/8060"}],"wp:featuredmedia":[{"embeddable":true,"href":"https:\/\/themexicopost.com\/index.php?rest_route=\/wp\/v2\/media\/8058"}],"wp:attachment":[{"href":"https:\/\/themexicopost.com\/index.php?rest_route=%2Fwp%2Fv2%2Fmedia&parent=8057"}],"wp:term":[{"taxonomy":"category","embeddable":true,"href":"https:\/\/themexicopost.com\/index.php?rest_route=%2Fwp%2Fv2%2Fcategories&post=8057"},{"taxonomy":"post_tag","embeddable":true,"href":"https:\/\/themexicopost.com\/index.php?rest_route=%2Fwp%2Fv2%2Ftags&post=8057"}],"curies":[{"name":"wp","href":"https:\/\/api.w.org\/{rel}","templated":true}]}}