{"id":80619,"date":"2026-04-30T07:41:51","date_gmt":"2026-04-30T13:41:51","guid":{"rendered":"https:\/\/themexicopost.com\/?p=80619"},"modified":"2026-04-30T07:42:05","modified_gmt":"2026-04-30T13:42:05","slug":"crece-la-tension-entre-daniel-noboa-y-gustavo-petro","status":"publish","type":"post","link":"https:\/\/themexicopost.com\/?p=80619","title":{"rendered":"Crece la tensi\u00f3n entre Daniel Noboa y Gustavo Petro"},"content":{"rendered":"\n<figure class=\"wp-block-pullquote\"><blockquote><p>Ambos mandatarios siguen lanz\u00e1ndose acusaciones por incursi\u00f3n guerrillera desde Colombia a Ecuador.<\/p><\/blockquote><\/figure>\n\n\n\n<p class=\"has-drop-cap\">El presidente de Ecuador, Daniel Noboa, acus\u00f3 a su par de Colombia, Gustavo Petro, de impulsar una incursi\u00f3n guerrillera por la frontera, lo que eleva la tensi\u00f3n en medio de una crisis comercial y diplom\u00e1tica entre ambos pa\u00edses.<br><\/p>\n\n\n\n<p>Quito y Bogot\u00e1 est\u00e1n enfrentadas desde febrero por los reproches del derechista Noboa sobre la supuesta falta de ayuda de Petro para combatir al narcotr\u00e1fico y la criminalidad en la frontera com\u00fan.<br><\/p>\n\n\n\n<p>&#8220;Varias fuentes nos han informado de una incursi\u00f3n por la frontera norte de guerrilleros colombianos, impulsada por el Gobierno de Petro. Cuidaremos nuestra frontera y a nuestra poblaci\u00f3n&#8221;, escribi\u00f3 Noboa en X.<br><\/p>\n\n\n\n<p>El mandatario ecuatoriano no aport\u00f3 pruebas, ni precis\u00f3 fecha ni lugar de la presunta incursi\u00f3n.<br><\/p>\n\n\n\n<p>Petro respondi\u00f3 en X: &#8220;Vaya usted a la frontera norte y se encuentra conmigo y construimos la paz de esos territorios, deje de creer mentiras&#8221;, dijo el presidente izquierdista.<br><\/p>\n\n\n\n<p>Esta semana Petro tambi\u00e9n lanz\u00f3 se\u00f1alamientos contra su hom\u00f3logo ecuatoriano, a quien acusa de injerencia en las campa\u00f1as presidenciales de Colombia para favorecer a la derecha de cara a las elecciones del 31 de mayo.<br><\/p>\n\n\n\n<p>Adem\u00e1s sugiri\u00f3 que ven\u00edan de Ecuador los explosivos usados en un atentado con bombas el s\u00e1bado que dej\u00f3 21 civiles muertos en el suroeste del pa\u00eds.<br><\/p>\n\n\n\n<p>Guerrilleros disidentes de las extintas FARC asumieron la autor\u00eda del ataque y se\u00f1alaron que ocurri\u00f3 en medio de combates con el ej\u00e9rcito y se debi\u00f3 a un &#8220;error t\u00e1ctico&#8221;.<br><\/p>\n\n\n\n<p>&#8220;Presidente Petro, ded\u00edquese a mejorar la vida de su gente en vez de querer exportar problemas a pa\u00edses vecinos&#8221;, escribi\u00f3 Noboa.<br><\/p>\n\n\n\n<p>M\u00e1s temprano el presidente colombiano hab\u00eda publicado im\u00e1genes de Noboa en compa\u00f1\u00eda de l\u00edderes de la derecha colombiana: &#8220;Noboa es el encargado de violentar a Colombia&#8221;, escribi\u00f3 en X.<br><\/p>\n\n\n\n<p>Seg\u00fan el gobernante ecuatoriano, Petro no ha hecho lo suficiente para contener el narcotr\u00e1fico en los 600 kil\u00f3metros de frontera que comparten ambos pa\u00edses. All\u00ed operan bandas dedicadas al narcotr\u00e1fico, el tr\u00e1fico de personas, la miner\u00eda ilegal y el contrabando.<br><\/p>\n\n\n\n<p>Ecuador implementa una pol\u00edtica de l\u00ednea dura contra el crimen, pero la violencia no cede. La naci\u00f3n es una de las m\u00e1s inseguras de la regi\u00f3n con una tasa de 51 homicidios por cada 100.000 habitantes en 2025.<br><\/p>\n\n\n\n<p>En entrevista, el ministro ecuatoriano de Interior, John Reimberg, se\u00f1al\u00f3 a tres culpables: la justicia en ocasiones permeada por la corrupci\u00f3n, los gobiernos pasados de izquierda y Colombia. &#8220;Tenemos un pa\u00eds vecino que no est\u00e1 trabajando en la frontera&#8221;, se\u00f1al\u00f3.<br><\/p>\n\n\n\n<p>Quito elev\u00f3 al 100% el impuesto a las importaciones colombianas y Bogot\u00e1 respondi\u00f3 con una medida similar.<\/p>\n","protected":false},"excerpt":{"rendered":"<p>Ambos mandatarios siguen lanz\u00e1ndose acusaciones por incursi\u00f3n guerrillera desde Colombia a Ecuador. El presidente de Ecuador, Daniel Noboa, acus\u00f3 a su par de Colombia, Gustavo Petro, de impulsar una incursi\u00f3n guerrillera por la frontera, lo que eleva la tensi\u00f3n en medio de una crisis comercial y diplom\u00e1tica entre ambos pa\u00edses. Quito y Bogot\u00e1 est\u00e1n enfrentadas [&hellip;]<\/p>\n","protected":false},"author":1,"featured_media":80623,"comment_status":"closed","ping_status":"closed","sticky":false,"template":"","format":"standard","meta":{"footnotes":""},"categories":[83,80],"tags":[],"class_list":["post-80619","post","type-post","status-publish","format-standard","has-post-thumbnail","hentry","category-destacado","category-mundo"],"_links":{"self":[{"href":"https:\/\/themexicopost.com\/index.php?rest_route=\/wp\/v2\/posts\/80619","targetHints":{"allow":["GET"]}}],"collection":[{"href":"https:\/\/themexicopost.com\/index.php?rest_route=\/wp\/v2\/posts"}],"about":[{"href":"https:\/\/themexicopost.com\/index.php?rest_route=\/wp\/v2\/types\/post"}],"author":[{"embeddable":true,"href":"https:\/\/themexicopost.com\/index.php?rest_route=\/wp\/v2\/users\/1"}],"replies":[{"embeddable":true,"href":"https:\/\/themexicopost.com\/index.php?rest_route=%2Fwp%2Fv2%2Fcomments&post=80619"}],"version-history":[{"count":1,"href":"https:\/\/themexicopost.com\/index.php?rest_route=\/wp\/v2\/posts\/80619\/revisions"}],"predecessor-version":[{"id":80624,"href":"https:\/\/themexicopost.com\/index.php?rest_route=\/wp\/v2\/posts\/80619\/revisions\/80624"}],"wp:featuredmedia":[{"embeddable":true,"href":"https:\/\/themexicopost.com\/index.php?rest_route=\/wp\/v2\/media\/80623"}],"wp:attachment":[{"href":"https:\/\/themexicopost.com\/index.php?rest_route=%2Fwp%2Fv2%2Fmedia&parent=80619"}],"wp:term":[{"taxonomy":"category","embeddable":true,"href":"https:\/\/themexicopost.com\/index.php?rest_route=%2Fwp%2Fv2%2Fcategories&post=80619"},{"taxonomy":"post_tag","embeddable":true,"href":"https:\/\/themexicopost.com\/index.php?rest_route=%2Fwp%2Fv2%2Ftags&post=80619"}],"curies":[{"name":"wp","href":"https:\/\/api.w.org\/{rel}","templated":true}]}}