{"id":80634,"date":"2026-04-30T07:55:24","date_gmt":"2026-04-30T13:55:24","guid":{"rendered":"https:\/\/themexicopost.com\/?p=80634"},"modified":"2026-04-30T07:55:45","modified_gmt":"2026-04-30T13:55:45","slug":"estados-unidos-exhibe-lista-negra-de-politicos-mexicanos","status":"publish","type":"post","link":"https:\/\/themexicopost.com\/?p=80634","title":{"rendered":"ESTADOS UNIDOS EXHIBE LISTA NEGRA DE POL\u00cdTICOS MEXICANOS"},"content":{"rendered":"\n<figure class=\"wp-block-pullquote\"><blockquote><p>Hasta cadena perpetua podr\u00edan enfrentar los implicados; revelan presunta red de complicidad institucional ligada al crimen organizado<\/p><\/blockquote><\/figure>\n\n\n\n<p class=\"has-drop-cap\">El Departamento de Justicia de Estados Unidos dio a conocer una lista de funcionarios y exfuncionarios de Sinaloa acusados de delitos graves relacionados con narcotr\u00e1fico y uso de armamento de alto poder, en un caso que ha generado un fuerte impacto pol\u00edtico y diplom\u00e1tico entre M\u00e9xico y Estados Unidos.<br><\/p>\n\n\n\n<p>Entre los se\u00f1alados destacan el actual gobernador de Sinaloa, Rub\u00e9n Rocha Moya, y el senador de Morena, Enrique Inzunza C\u00e1zarez, quienes enfrentan cargos por conspiraci\u00f3n para la importaci\u00f3n de estupefacientes, posesi\u00f3n de ametralladoras y dispositivos destructivos, as\u00ed como conspiraci\u00f3n para el uso de este tipo de armamento.<br><\/p>\n\n\n\n<figure class=\"wp-block-image size-large\"><img fetchpriority=\"high\" decoding=\"async\" width=\"1024\" height=\"684\" src=\"https:\/\/themexicopost.com\/wp-content\/uploads\/2026\/04\/imagen-2-1024x684.jpg\" alt=\"\" class=\"wp-image-80638\" srcset=\"https:\/\/themexicopost.com\/wp-content\/uploads\/2026\/04\/imagen-2-1024x684.jpg 1024w, https:\/\/themexicopost.com\/wp-content\/uploads\/2026\/04\/imagen-2-300x201.jpg 300w, https:\/\/themexicopost.com\/wp-content\/uploads\/2026\/04\/imagen-2-768x513.jpg 768w, https:\/\/themexicopost.com\/wp-content\/uploads\/2026\/04\/imagen-2.jpg 1200w\" sizes=\"(max-width: 1024px) 100vw, 1024px\" \/><\/figure>\n\n\n\n<p>De acuerdo con las autoridades estadounidenses, ambos podr\u00edan enfrentar penas que van desde un m\u00ednimo obligatorio de 40 a\u00f1os de prisi\u00f3n hasta cadena perpetua.<br><\/p>\n\n\n\n<p>La acusaci\u00f3n se extiende a una decena de perfiles clave dentro de la estructura pol\u00edtica y de seguridad en Sinaloa, lo que, seg\u00fan las investigaciones, evidenciar\u00eda una presunta red de complicidad institucional.<br><\/p>\n\n\n\n<h2 class=\"wp-block-heading\">En la lista tambi\u00e9n figuran:<br><\/h2>\n\n\n\n<figure class=\"wp-block-image size-large\"><img decoding=\"async\" width=\"1024\" height=\"684\" src=\"https:\/\/themexicopost.com\/wp-content\/uploads\/2026\/04\/imagen-3-1024x684.jpg\" alt=\"\" class=\"wp-image-80639\" srcset=\"https:\/\/themexicopost.com\/wp-content\/uploads\/2026\/04\/imagen-3-1024x684.jpg 1024w, https:\/\/themexicopost.com\/wp-content\/uploads\/2026\/04\/imagen-3-300x201.jpg 300w, https:\/\/themexicopost.com\/wp-content\/uploads\/2026\/04\/imagen-3-768x513.jpg 768w, https:\/\/themexicopost.com\/wp-content\/uploads\/2026\/04\/imagen-3.jpg 1200w\" sizes=\"(max-width: 1024px) 100vw, 1024px\" \/><\/figure>\n\n\n\n<ul class=\"wp-block-list\">\n<li>-Enrique D\u00edaz Vega, se\u00f1alado por conspiraci\u00f3n para la importaci\u00f3n de drogas y posesi\u00f3n de armamento de uso exclusivo del Ej\u00e9rcito.<br><\/li>\n\n\n\n<li>-D\u00e1maso Castro Saavedra, acusado por los mismos delitos relacionados con narcotr\u00e1fico y armamento.<br><\/li>\n\n\n\n<li>-Marco Antonio Almanza Avil\u00e9s, vinculado a operaciones de tr\u00e1fico de drogas y armas.<br><\/li>\n\n\n\n<li>-Alberto Jorge Contreras N\u00fa\u00f1ez, tambi\u00e9n exjefe de la Polic\u00eda de Investigaci\u00f3n, se\u00f1alado como parte de la estructura criminal.<br><\/li>\n\n\n\n<li>-Gerardo M\u00e9rida S\u00e1nchez, acusado de facilitar actividades delictivas.<br><\/li>\n\n\n\n<li>-Jos\u00e9 Antonio Dionisio Hip\u00f3lito, exsubdirector de la Polic\u00eda Estatal, vinculado a los mismos cargos.<br><\/li>\n\n\n\n<li>-Juan de Dios G\u00e1mez Mend\u00edvil, quien enfrenta acusaciones por conspiraci\u00f3n de narcotr\u00e1fico y posesi\u00f3n de armamento.<br><\/li>\n\n\n\n<li>-Juan Valenzuela Mill\u00e1n, excomandante policial, se\u00f1alado adem\u00e1s por delitos de secuestro que resultaron en la muerte de v\u00edctimas, por lo que podr\u00eda enfrentar cadena perpetua obligatoria.<br><\/li>\n<\/ul>\n\n\n\n<p>Las autoridades estadounidenses sostienen que los implicados habr\u00edan participado en una estructura que facilitaba el tr\u00e1fico de drogas hacia ese pa\u00eds, as\u00ed como el uso y resguardo de armamento de alto poder, incluyendo ametralladoras y dispositivos destructivos.<br><\/p>\n\n\n\n<figure class=\"wp-block-image size-large\"><img decoding=\"async\" width=\"1024\" height=\"684\" src=\"https:\/\/themexicopost.com\/wp-content\/uploads\/2026\/04\/imagen-1024x684.png\" alt=\"\" class=\"wp-image-80640\" srcset=\"https:\/\/themexicopost.com\/wp-content\/uploads\/2026\/04\/imagen-1024x684.png 1024w, https:\/\/themexicopost.com\/wp-content\/uploads\/2026\/04\/imagen-300x201.png 300w, https:\/\/themexicopost.com\/wp-content\/uploads\/2026\/04\/imagen-768x513.png 768w, https:\/\/themexicopost.com\/wp-content\/uploads\/2026\/04\/imagen.png 1200w\" sizes=\"(max-width: 1024px) 100vw, 1024px\" \/><\/figure>\n\n\n\n<p>Este caso, que hab\u00eda sido anticipado d\u00edas antes por medios internacionales, marca un nuevo punto de tensi\u00f3n en la relaci\u00f3n bilateral en materia de seguridad, particularmente en el combate al crimen organizado y la corrupci\u00f3n.<br><\/p>\n\n\n\n<p>Adem\u00e1s del impacto judicial, las acusaciones podr\u00edan tener repercusiones pol\u00edticas de alto nivel en M\u00e9xico, al involucrar a funcionarios en activo y figuras relevantes del \u00e1mbito gubernamental.<br><\/p>\n\n\n\n<p>Hasta el momento, varios de los se\u00f1alados han rechazado las acusaciones, calific\u00e1ndolas como infundadas, mientras se espera el desarrollo de los procesos legales en Estados Unidos, que podr\u00edan definir uno de los casos m\u00e1s relevantes en materia de cooperaci\u00f3n internacional contra el narcotr\u00e1fico.<\/p>\n","protected":false},"excerpt":{"rendered":"<p>Hasta cadena perpetua podr\u00edan enfrentar los implicados; revelan presunta red de complicidad institucional ligada al crimen organizado<\/p>\n","protected":false},"author":1,"featured_media":80637,"comment_status":"closed","ping_status":"closed","sticky":false,"template":"","format":"standard","meta":{"footnotes":""},"categories":[83,80,81,85],"tags":[],"class_list":["post-80634","post","type-post","status-publish","format-standard","has-post-thumbnail","hentry","category-destacado","category-mundo","category-nacional","category-portada"],"_links":{"self":[{"href":"https:\/\/themexicopost.com\/index.php?rest_route=\/wp\/v2\/posts\/80634","targetHints":{"allow":["GET"]}}],"collection":[{"href":"https:\/\/themexicopost.com\/index.php?rest_route=\/wp\/v2\/posts"}],"about":[{"href":"https:\/\/themexicopost.com\/index.php?rest_route=\/wp\/v2\/types\/post"}],"author":[{"embeddable":true,"href":"https:\/\/themexicopost.com\/index.php?rest_route=\/wp\/v2\/users\/1"}],"replies":[{"embeddable":true,"href":"https:\/\/themexicopost.com\/index.php?rest_route=%2Fwp%2Fv2%2Fcomments&post=80634"}],"version-history":[{"count":1,"href":"https:\/\/themexicopost.com\/index.php?rest_route=\/wp\/v2\/posts\/80634\/revisions"}],"predecessor-version":[{"id":80641,"href":"https:\/\/themexicopost.com\/index.php?rest_route=\/wp\/v2\/posts\/80634\/revisions\/80641"}],"wp:featuredmedia":[{"embeddable":true,"href":"https:\/\/themexicopost.com\/index.php?rest_route=\/wp\/v2\/media\/80637"}],"wp:attachment":[{"href":"https:\/\/themexicopost.com\/index.php?rest_route=%2Fwp%2Fv2%2Fmedia&parent=80634"}],"wp:term":[{"taxonomy":"category","embeddable":true,"href":"https:\/\/themexicopost.com\/index.php?rest_route=%2Fwp%2Fv2%2Fcategories&post=80634"},{"taxonomy":"post_tag","embeddable":true,"href":"https:\/\/themexicopost.com\/index.php?rest_route=%2Fwp%2Fv2%2Ftags&post=80634"}],"curies":[{"name":"wp","href":"https:\/\/api.w.org\/{rel}","templated":true}]}}