{"id":80647,"date":"2026-05-01T06:34:27","date_gmt":"2026-05-01T12:34:27","guid":{"rendered":"https:\/\/themexicopost.com\/?p=80647"},"modified":"2026-05-01T06:34:30","modified_gmt":"2026-05-01T12:34:30","slug":"karol-g-agoto-los-boletos-para-sus-conciertos-en-bogota","status":"publish","type":"post","link":"https:\/\/themexicopost.com\/?p=80647","title":{"rendered":"Karol G agot\u00f3 los boletos para sus conciertos en Bogot\u00e1"},"content":{"rendered":"\n<figure class=\"wp-block-pullquote\"><blockquote><p>Miles de fans aseguraron sus entradas para lo que ser\u00e1n tres noches sin precedentes en la capital colombiana.<\/p><\/blockquote><\/figure>\n\n\n\n<p class=\"has-drop-cap\">La cantante colombiana Karol G agot\u00f3 en pocas horas las entradas para sus tres conciertos en Bogot\u00e1, previstos para el 4, 5 y 6 de diciembre, que reunir\u00e1n a cerca de 120.000 personas en el estadio El Camp\u00edn, inform\u00f3 su equipo de prensa.<br><\/p>\n\n\n\n<p>La artista hab\u00eda anunciado la ampliaci\u00f3n de conciertos por la alta demanda y, en menos de 24 horas, colg\u00f3 el cartel de \u2018sold out\u2019 en uno de los principales recintos del pa\u00eds, donde recientemente se han presentado figuras como J Balvin, Shakira, Dua Lipa o Maluma.<br><\/p>\n\n\n\n<p>&#8220;En tiempo r\u00e9cord, miles de fans aseguraron sus entradas para lo que ser\u00e1n tres noches sin precedentes en la capital, confirmando el fen\u00f3meno cultural en el que se ha convertido Karol G y la conexi\u00f3n \u00fanica con su p\u00fablico colombiano&#8221;, expres\u00f3 su equipo en un comunicado.<br><\/p>\n\n\n\n<p>Carolina Giraldo Navarro, conocida art\u00edsticamente como Karol G, marc\u00f3 un hito hace unas semanas al convertirse en la primera latina en encabezar y cerrar el festival Coachella de California, donde anunci\u00f3 su gira mundial, con la que recorrer\u00e1 20 pa\u00edses de Am\u00e9rica y Europa desde el pr\u00f3ximo 24 de julio en Chicago.<br><\/p>\n\n\n\n<p>En Espa\u00f1a, donde la cantante concluy\u00f3 su anterior gira &#8220;Ma\u00f1ana ser\u00e1 bonito&#8221; (2023-2024), la cantante ampli\u00f3 a nueve los conciertos: uno en Sevilla el 13 de junio (que se suma a los del 11 y 12) y dos en Madrid los d\u00edas 26 y 27 (que se suman a los del 24 y 25).<br><\/p>\n\n\n\n<p>Su equipo tambi\u00e9n confirm\u00f3 que Medell\u00edn no har\u00e1 parte del recorrido debido a las obras de remodelaci\u00f3n del estadio Atanasio Girardot, que terminar\u00e1n en diciembre de 2027 y ampliar\u00e1n su aforo de 45.000 a 60.000 asistentes.<\/p>\n","protected":false},"excerpt":{"rendered":"<p>Miles de fans aseguraron sus entradas para lo que ser\u00e1n tres noches sin precedentes en la capital colombiana. La cantante colombiana Karol G agot\u00f3 en pocas horas las entradas para sus tres conciertos en Bogot\u00e1, previstos para el 4, 5 y 6 de diciembre, que reunir\u00e1n a cerca de 120.000 personas en el estadio El [&hellip;]<\/p>\n","protected":false},"author":1,"featured_media":80652,"comment_status":"closed","ping_status":"closed","sticky":false,"template":"","format":"standard","meta":{"footnotes":""},"categories":[83,78],"tags":[],"class_list":["post-80647","post","type-post","status-publish","format-standard","has-post-thumbnail","hentry","category-destacado","category-espectaculos"],"_links":{"self":[{"href":"https:\/\/themexicopost.com\/index.php?rest_route=\/wp\/v2\/posts\/80647","targetHints":{"allow":["GET"]}}],"collection":[{"href":"https:\/\/themexicopost.com\/index.php?rest_route=\/wp\/v2\/posts"}],"about":[{"href":"https:\/\/themexicopost.com\/index.php?rest_route=\/wp\/v2\/types\/post"}],"author":[{"embeddable":true,"href":"https:\/\/themexicopost.com\/index.php?rest_route=\/wp\/v2\/users\/1"}],"replies":[{"embeddable":true,"href":"https:\/\/themexicopost.com\/index.php?rest_route=%2Fwp%2Fv2%2Fcomments&post=80647"}],"version-history":[{"count":1,"href":"https:\/\/themexicopost.com\/index.php?rest_route=\/wp\/v2\/posts\/80647\/revisions"}],"predecessor-version":[{"id":80653,"href":"https:\/\/themexicopost.com\/index.php?rest_route=\/wp\/v2\/posts\/80647\/revisions\/80653"}],"wp:featuredmedia":[{"embeddable":true,"href":"https:\/\/themexicopost.com\/index.php?rest_route=\/wp\/v2\/media\/80652"}],"wp:attachment":[{"href":"https:\/\/themexicopost.com\/index.php?rest_route=%2Fwp%2Fv2%2Fmedia&parent=80647"}],"wp:term":[{"taxonomy":"category","embeddable":true,"href":"https:\/\/themexicopost.com\/index.php?rest_route=%2Fwp%2Fv2%2Fcategories&post=80647"},{"taxonomy":"post_tag","embeddable":true,"href":"https:\/\/themexicopost.com\/index.php?rest_route=%2Fwp%2Fv2%2Ftags&post=80647"}],"curies":[{"name":"wp","href":"https:\/\/api.w.org\/{rel}","templated":true}]}}