{"id":80651,"date":"2026-05-01T06:35:03","date_gmt":"2026-05-01T12:35:03","guid":{"rendered":"https:\/\/themexicopost.com\/?p=80651"},"modified":"2026-05-01T06:35:06","modified_gmt":"2026-05-01T12:35:06","slug":"fifa-confirma-a-iran-en-el-mundial-2026-pese-a-tensiones-migratorias","status":"publish","type":"post","link":"https:\/\/themexicopost.com\/?p=80651","title":{"rendered":"FIFA confirma a Ir\u00e1n en el Mundial 2026 pese a tensiones migratorias"},"content":{"rendered":"\n<figure class=\"wp-block-pullquote\"><blockquote><p>El torneo en Estados Unidos contar\u00e1 con la participaci\u00f3n del equipo asi\u00e1tico<\/p><\/blockquote><\/figure>\n\n\n\n<p class=\"has-drop-cap\">El presidente de la FIFA, Gianni Infantino, confirm\u00f3 que la selecci\u00f3n de Ir\u00e1n participar\u00e1 en la Copa Mundial de 2026 que se disputar\u00e1 en Estados Unidos.<br><\/p>\n\n\n\n<p>El anuncio se dio durante el Congreso del organismo en Canad\u00e1, en medio de la ausencia de representantes iran\u00edes debido a problemas migratorios en su ingreso a ese pa\u00eds, lo que gener\u00f3 tensiones diplom\u00e1ticas.<br><\/p>\n\n\n\n<p>Con esta decisi\u00f3n, se descarta la posibilidad de que Ir\u00e1n dispute sus partidos en M\u00e9xico, reafirmando que no hay federaciones suspendidas y que el torneo se llevar\u00e1 a cabo con normalidad bajo el principio de unidad promovido por la FIFA.<br><\/p>\n\n\n\n<p>Hubo horas previas a la confirmaci\u00f3n hasta que Mattias Grafstrom, Secretario General de la FIFA, pudiera pasar lista a las 211 federaciones; sin embargo, destac\u00f3 una que no estaba, la de Ir\u00e1n, puesto que el comportamiento inapropiado de los funcionarios de migraci\u00f3n en el aeropuerto de Toronto no fue bien recibido.<br><\/p>\n\n\n\n<p>Se\u00f1alaron que el presidente de la federaci\u00f3n, Mehdi Taj, el secretario general, Hedayat Mombeini y su adjunto Hamed Momeni, tuvieron problemas con sus visados para participar en el congreso, por lo que se plantaron y se dieron la vuelta.<br><\/p>\n\n\n\n<p>A pesar del malestar de Ir\u00e1n por los tratos, su presencia en la Copa Mundial de la FIFA 2026 genera dudas, donde Gianni Infantino confirm\u00f3 que s\u00ed formar\u00e1n parte, y en Estados Unidos.<\/p>\n","protected":false},"excerpt":{"rendered":"<p>El torneo en Estados Unidos contar\u00e1 con la participaci\u00f3n del equipo asi\u00e1tico El presidente de la FIFA, Gianni Infantino, confirm\u00f3 que la selecci\u00f3n de Ir\u00e1n participar\u00e1 en la Copa Mundial de 2026 que se disputar\u00e1 en Estados Unidos. El anuncio se dio durante el Congreso del organismo en Canad\u00e1, en medio de la ausencia de [&hellip;]<\/p>\n","protected":false},"author":1,"featured_media":80655,"comment_status":"closed","ping_status":"closed","sticky":false,"template":"","format":"standard","meta":{"footnotes":""},"categories":[79],"tags":[],"class_list":["post-80651","post","type-post","status-publish","format-standard","has-post-thumbnail","hentry","category-deportes"],"_links":{"self":[{"href":"https:\/\/themexicopost.com\/index.php?rest_route=\/wp\/v2\/posts\/80651","targetHints":{"allow":["GET"]}}],"collection":[{"href":"https:\/\/themexicopost.com\/index.php?rest_route=\/wp\/v2\/posts"}],"about":[{"href":"https:\/\/themexicopost.com\/index.php?rest_route=\/wp\/v2\/types\/post"}],"author":[{"embeddable":true,"href":"https:\/\/themexicopost.com\/index.php?rest_route=\/wp\/v2\/users\/1"}],"replies":[{"embeddable":true,"href":"https:\/\/themexicopost.com\/index.php?rest_route=%2Fwp%2Fv2%2Fcomments&post=80651"}],"version-history":[{"count":1,"href":"https:\/\/themexicopost.com\/index.php?rest_route=\/wp\/v2\/posts\/80651\/revisions"}],"predecessor-version":[{"id":80656,"href":"https:\/\/themexicopost.com\/index.php?rest_route=\/wp\/v2\/posts\/80651\/revisions\/80656"}],"wp:featuredmedia":[{"embeddable":true,"href":"https:\/\/themexicopost.com\/index.php?rest_route=\/wp\/v2\/media\/80655"}],"wp:attachment":[{"href":"https:\/\/themexicopost.com\/index.php?rest_route=%2Fwp%2Fv2%2Fmedia&parent=80651"}],"wp:term":[{"taxonomy":"category","embeddable":true,"href":"https:\/\/themexicopost.com\/index.php?rest_route=%2Fwp%2Fv2%2Fcategories&post=80651"},{"taxonomy":"post_tag","embeddable":true,"href":"https:\/\/themexicopost.com\/index.php?rest_route=%2Fwp%2Fv2%2Ftags&post=80651"}],"curies":[{"name":"wp","href":"https:\/\/api.w.org\/{rel}","templated":true}]}}