{"id":80684,"date":"2026-05-01T06:47:56","date_gmt":"2026-05-01T12:47:56","guid":{"rendered":"https:\/\/themexicopost.com\/?p=80684"},"modified":"2026-05-01T06:48:03","modified_gmt":"2026-05-01T12:48:03","slug":"corea-del-norte-se-encuentra-sufriendo-por-una-sequia-sin-precedentes","status":"publish","type":"post","link":"https:\/\/themexicopost.com\/?p=80684","title":{"rendered":"Corea del Norte se encuentra sufriendo por una &#8220;sequ\u00eda sin precedentes&#8221;"},"content":{"rendered":"\n<figure class=\"wp-block-pullquote\"><blockquote><p>Pionyang implementa medidas de emergencia para tratar de salvar cosechas y evitar una posible hambruna en todo el pa\u00eds.<\/p><\/blockquote><\/figure>\n\n\n\n<p class=\"has-drop-cap\">Corea del Norte est\u00e1 sufriendo una sequ\u00eda sin precedentes y las autoridades est\u00e1n haciendo esfuerzos por mejorar los sistemas de riego del herm\u00e9tico pa\u00eds, afirm\u00f3 la agencia estatal norcoreana KCNA.<br><\/p>\n\n\n\n<p>&#8220;Recientemente, una sequ\u00eda sin precedentes ha azotado todo el pa\u00eds&#8221;, afirm\u00f3 KCNA, antes de se\u00f1alar que &#8220;los trabajadores de diversas regiones est\u00e1n concentrando todos sus esfuerzos en proteger los cultivos anteriores de la sequ\u00eda&#8221;.<br><\/p>\n\n\n\n<p>La agencia estatal se\u00f1al\u00f3 que las autoridades norcoreanas se han visto obligadas a movilizar camiones cisterna &#8220;para irrigar grandes extensiones de campos diariamente&#8221;.<br><\/p>\n\n\n\n<p>El primer ministro norcoreano, Pak Tae-song, visit\u00f3 varias provincias, incluyendo Hwanghae del Norte y del Sur (suroeste) para examinar en detalle el estado de crecimiento del trigo y la cebada, y analizar medidas para minimizar los da\u00f1os causados \u200b\u200bpor la sequ\u00eda.<br><\/p>\n\n\n\n<p>Estas \u00e1reas, junto con otras como Pionyang del Norte y del Sur, componen pr\u00e1cticamente la totalidad de la despensa de Corea del Norte, donde el relieve monta\u00f1oso hace que menos de un 20 % del territorio sea cultivable.<br><\/p>\n\n\n\n<p>Corea del Norte sufri\u00f3 la peor sequ\u00eda primaveral en 37 a\u00f1os en 2019, seg\u00fan alertaron entonces los medios norcoreanos, desatando la preocupaci\u00f3n por la escasez de alimentos que encaraba el aislado y empobrecido pa\u00eds.<\/p>\n","protected":false},"excerpt":{"rendered":"<p>Pionyang implementa medidas de emergencia para tratar de salvar cosechas y evitar una posible hambruna en todo el pa\u00eds. Corea del Norte est\u00e1 sufriendo una sequ\u00eda sin precedentes y las autoridades est\u00e1n haciendo esfuerzos por mejorar los sistemas de riego del herm\u00e9tico pa\u00eds, afirm\u00f3 la agencia estatal norcoreana KCNA. &#8220;Recientemente, una sequ\u00eda sin precedentes ha [&hellip;]<\/p>\n","protected":false},"author":1,"featured_media":80688,"comment_status":"closed","ping_status":"closed","sticky":false,"template":"","format":"standard","meta":{"footnotes":""},"categories":[83,80],"tags":[],"class_list":["post-80684","post","type-post","status-publish","format-standard","has-post-thumbnail","hentry","category-destacado","category-mundo"],"_links":{"self":[{"href":"https:\/\/themexicopost.com\/index.php?rest_route=\/wp\/v2\/posts\/80684","targetHints":{"allow":["GET"]}}],"collection":[{"href":"https:\/\/themexicopost.com\/index.php?rest_route=\/wp\/v2\/posts"}],"about":[{"href":"https:\/\/themexicopost.com\/index.php?rest_route=\/wp\/v2\/types\/post"}],"author":[{"embeddable":true,"href":"https:\/\/themexicopost.com\/index.php?rest_route=\/wp\/v2\/users\/1"}],"replies":[{"embeddable":true,"href":"https:\/\/themexicopost.com\/index.php?rest_route=%2Fwp%2Fv2%2Fcomments&post=80684"}],"version-history":[{"count":1,"href":"https:\/\/themexicopost.com\/index.php?rest_route=\/wp\/v2\/posts\/80684\/revisions"}],"predecessor-version":[{"id":80689,"href":"https:\/\/themexicopost.com\/index.php?rest_route=\/wp\/v2\/posts\/80684\/revisions\/80689"}],"wp:featuredmedia":[{"embeddable":true,"href":"https:\/\/themexicopost.com\/index.php?rest_route=\/wp\/v2\/media\/80688"}],"wp:attachment":[{"href":"https:\/\/themexicopost.com\/index.php?rest_route=%2Fwp%2Fv2%2Fmedia&parent=80684"}],"wp:term":[{"taxonomy":"category","embeddable":true,"href":"https:\/\/themexicopost.com\/index.php?rest_route=%2Fwp%2Fv2%2Fcategories&post=80684"},{"taxonomy":"post_tag","embeddable":true,"href":"https:\/\/themexicopost.com\/index.php?rest_route=%2Fwp%2Fv2%2Ftags&post=80684"}],"curies":[{"name":"wp","href":"https:\/\/api.w.org\/{rel}","templated":true}]}}