{"id":8077,"date":"2023-04-11T16:26:07","date_gmt":"2023-04-11T16:26:07","guid":{"rendered":"https:\/\/themexicopost.com\/?p=8077"},"modified":"2023-04-11T16:26:09","modified_gmt":"2023-04-11T16:26:09","slug":"afirma-funcionaria-trans-que-la-lucha-contra-la-inclusion-lgbt-perjudica-a-las-fuerzas-armadas-de-ee-uu","status":"publish","type":"post","link":"https:\/\/themexicopost.com\/?p=8077","title":{"rendered":"Afirma funcionaria trans que la lucha contra la inclusi\u00f3n LGBT perjudica a las Fuerzas Armadas de EE.UU."},"content":{"rendered":"\n<figure class=\"wp-block-pullquote\"><blockquote><p>Por su parte, los cr\u00edticos del servicio militar transg\u00e9nero afirman que la pol\u00edtica actual de inclusi\u00f3n demuestra a los enemigos de EE.UU. que est\u00e1 &#8220;m\u00e1s preocupado por la rectitud pol\u00edtica&#8221; que por sus Fuerzas Armadas.<\/p><\/blockquote><\/figure>\n\n\n\n<p class=\"has-drop-cap wp-block-paragraph\">La subsecretaria de Defensa para la Preparaci\u00f3n, la mujer transexual Shawn Skelly, afirma que la diversidad es vital para la &#8220;cohesi\u00f3n&#8221; en el Ej\u00e9rcito, informa Politico.<br><\/p>\n\n\n\n<p class=\"wp-block-paragraph\">Skelly es la funcionaria transg\u00e9nero de m\u00e1s alto rango en el Departamento de Defensa. Adem\u00e1s, anteriormente trabaj\u00f3 como comandante de la Armada. Decidi\u00f3 poner fin a su carrera militar en 2006 debido a una ley que permit\u00eda a los homosexuales estadounidenses servir en el Ej\u00e9rcito siempre que mantuvieran en secreto su identidad sexual. Hizo la transici\u00f3n en 2010, luego de dejar el servicio activo.<br><\/p>\n\n\n\n<p class=\"wp-block-paragraph\">Su nombramiento como subsecretaria de Defensa para la Preparaci\u00f3n fue posible despu\u00e9s de que el presidente actual, Joe Biden, revocara la prohibici\u00f3n del exmandatario Donald Trump sobre el servicio militar para personas transg\u00e9nero.<br><\/p>\n\n\n\n<p class=\"wp-block-paragraph\">Sin embargo, los republicanos del Congreso pretenden volver a la prohibici\u00f3n, ya que, seg\u00fan ellos, pol\u00edticas como la formaci\u00f3n en diversidad y actos como el reciente espect\u00e1culo de &#8216;drags&#8217; en una base militar alejan a potenciales reclutas y distraen a las fuerzas de sus objetivos principales.<br><\/p>\n\n\n\n<p class=\"wp-block-paragraph\">Por su parte, Skelly argumenta que el desmantelamiento de estos programas de inclusi\u00f3n no solo perjudicar\u00e1 a los estadounidenses que se identifican como LGBTQ, sino tambi\u00e9n a la capacidad del Ej\u00e9rcito para hacer su trabajo.<br><\/p>\n\n\n\n<p class=\"wp-block-paragraph\">Seg\u00fan ella, &#8220;si las personas entienden que no van a recibir un trato justo, porque proceden de un origen \u00e9tnico espec\u00edfico o en funci\u00f3n de su identidad o en funci\u00f3n de a qui\u00e9n aman&#8221;, la situaci\u00f3n ser\u00eda peor, porque &#8220;no habr\u00e1 suficientes estadounidenses que quieran formar parte del Ej\u00e9rcito&#8221;.<br><\/p>\n\n\n\n<p class=\"wp-block-paragraph\">Sin embargo, Thomas Spoehr, director del Centro para la Defensa Nacional de la Fundaci\u00f3n Heritage, que promueve valores estadounidenses tradicionales, afirm\u00f3 que las pol\u00edticas integradoras demuestran a los enemigos de EE.UU. que est\u00e1 &#8220;m\u00e1s preocupado por la rectitud pol\u00edtica&#8221; que por sus Fuerzas Armadas.<\/p>\n","protected":false},"excerpt":{"rendered":"<p>Por su parte, los cr\u00edticos del servicio militar transg\u00e9nero afirman que la pol\u00edtica actual de inclusi\u00f3n demuestra a los enemigos de EE.UU. que est\u00e1 &#8220;m\u00e1s preocupado por la rectitud pol\u00edtica&#8221; que por sus Fuerzas Armadas. La subsecretaria de Defensa para la Preparaci\u00f3n, la mujer transexual Shawn Skelly, afirma que la diversidad es vital para la [&hellip;]<\/p>\n","protected":false},"author":1,"featured_media":8078,"comment_status":"closed","ping_status":"closed","sticky":false,"template":"","format":"standard","meta":{"footnotes":""},"categories":[80],"tags":[],"class_list":["post-8077","post","type-post","status-publish","format-standard","has-post-thumbnail","hentry","category-mundo"],"_links":{"self":[{"href":"https:\/\/themexicopost.com\/index.php?rest_route=\/wp\/v2\/posts\/8077","targetHints":{"allow":["GET"]}}],"collection":[{"href":"https:\/\/themexicopost.com\/index.php?rest_route=\/wp\/v2\/posts"}],"about":[{"href":"https:\/\/themexicopost.com\/index.php?rest_route=\/wp\/v2\/types\/post"}],"author":[{"embeddable":true,"href":"https:\/\/themexicopost.com\/index.php?rest_route=\/wp\/v2\/users\/1"}],"replies":[{"embeddable":true,"href":"https:\/\/themexicopost.com\/index.php?rest_route=%2Fwp%2Fv2%2Fcomments&post=8077"}],"version-history":[{"count":1,"href":"https:\/\/themexicopost.com\/index.php?rest_route=\/wp\/v2\/posts\/8077\/revisions"}],"predecessor-version":[{"id":8079,"href":"https:\/\/themexicopost.com\/index.php?rest_route=\/wp\/v2\/posts\/8077\/revisions\/8079"}],"wp:featuredmedia":[{"embeddable":true,"href":"https:\/\/themexicopost.com\/index.php?rest_route=\/wp\/v2\/media\/8078"}],"wp:attachment":[{"href":"https:\/\/themexicopost.com\/index.php?rest_route=%2Fwp%2Fv2%2Fmedia&parent=8077"}],"wp:term":[{"taxonomy":"category","embeddable":true,"href":"https:\/\/themexicopost.com\/index.php?rest_route=%2Fwp%2Fv2%2Fcategories&post=8077"},{"taxonomy":"post_tag","embeddable":true,"href":"https:\/\/themexicopost.com\/index.php?rest_route=%2Fwp%2Fv2%2Ftags&post=8077"}],"curies":[{"name":"wp","href":"https:\/\/api.w.org\/{rel}","templated":true}]}}