{"id":8080,"date":"2023-04-11T16:27:20","date_gmt":"2023-04-11T16:27:20","guid":{"rendered":"https:\/\/themexicopost.com\/?p=8080"},"modified":"2023-04-11T16:27:21","modified_gmt":"2023-04-11T16:27:21","slug":"volcadura-de-autobus-en-peru-deja-25-heridos-y-10-muertos","status":"publish","type":"post","link":"https:\/\/themexicopost.com\/?p=8080","title":{"rendered":"Volcadura de autob\u00fas en Per\u00fa deja 25 heridos y 10 muertos"},"content":{"rendered":"\n<figure class=\"wp-block-pullquote\"><blockquote><p>El transporte de pasajeros parti\u00f3 a las 20:00 horas del domingo de la ciudad de Hu\u00e1nuco, en el centro norte del pa\u00eds, y ten\u00eda como destino Lima.<\/p><\/blockquote><\/figure>\n\n\n\n<p class=\"has-drop-cap wp-block-paragraph\">Al menos 10 personas murieron y otras 25 resultaron heridas por el accidente de un autob\u00fas en la regi\u00f3n de Lima, ocurrido la madrugada de este lunes.<br><\/p>\n\n\n\n<p class=\"wp-block-paragraph\">El hecho se registr\u00f3 a aproximadamente las 02:30 de la madrugada. El autob\u00fas interprovincial de dos pisos, de la empresa Guadalupe Tours, se despist\u00f3 y cay\u00f3 al cauce del r\u00edo R\u00edmac, a la altura del kil\u00f3metro 109 de la carretera Central, en el distrito de Chicla, provincia de Huarochir\u00ed, de la regi\u00f3n Lima, rese\u00f1\u00f3 la agencia de noticias Andina.<br><\/p>\n\n\n\n<p class=\"wp-block-paragraph\">El transporte, que trasladaba a 76 pasajeros, parti\u00f3 a las 20:00 horas del domingo de la ciudad de Hu\u00e1nuco, en el centro norte del pa\u00eds, y ten\u00eda como destino Lima.<br><\/p>\n\n\n\n<p class=\"wp-block-paragraph\">El jefe de la Divisi\u00f3n de Protecci\u00f3n de Carreteras de la Polic\u00eda Nacional del Per\u00fa (PNP), V\u00edctor Meza Farf\u00e1n, inform\u00f3 que los heridos fueron trasladados a los hospitales San Juan de Matucana y Jos\u00e9 \u00c1gurto Tello de Chosica.<br><\/p>\n\n\n\n<figure class=\"wp-block-image size-large\"><img fetchpriority=\"high\" decoding=\"async\" width=\"1024\" height=\"683\" src=\"https:\/\/themexicopost.com\/wp-content\/uploads\/2023\/04\/volcadura-1024x683.jpg\" alt=\"\" class=\"wp-image-8082\" srcset=\"https:\/\/themexicopost.com\/wp-content\/uploads\/2023\/04\/volcadura-1024x683.jpg 1024w, https:\/\/themexicopost.com\/wp-content\/uploads\/2023\/04\/volcadura-300x200.jpg 300w, https:\/\/themexicopost.com\/wp-content\/uploads\/2023\/04\/volcadura-768x512.jpg 768w, https:\/\/themexicopost.com\/wp-content\/uploads\/2023\/04\/volcadura-330x220.jpg 330w, https:\/\/themexicopost.com\/wp-content\/uploads\/2023\/04\/volcadura-420x280.jpg 420w, https:\/\/themexicopost.com\/wp-content\/uploads\/2023\/04\/volcadura-615x410.jpg 615w, https:\/\/themexicopost.com\/wp-content\/uploads\/2023\/04\/volcadura-860x573.jpg 860w, https:\/\/themexicopost.com\/wp-content\/uploads\/2023\/04\/volcadura.jpg 1200w\" sizes=\"(max-width: 1024px) 100vw, 1024px\" \/><\/figure>\n\n\n\n<p class=\"wp-block-paragraph\">Seg\u00fan el reporte preliminar, cinco de los heridos fueron evacuados al Hospital 2 de Mayo de Lima debido a la gravedad de las lesiones. Por su parte, la empresa Deviandes \u2013concesionaria de la v\u00eda\u2013 notific\u00f3 que la carretera fue cerrada para realizar el trabajo de levantamiento del autob\u00fas siniestrado.<br><\/p>\n\n\n\n<p class=\"wp-block-paragraph\">El conductor del transporte fue llevado a la Comisar\u00eda de Chicla para determinar las causas del incidente, public\u00f3 La Rep\u00fablica.<br><\/p>\n\n\n\n<p class=\"wp-block-paragraph\">Meza adelant\u00f3 que la empresa de transportes Guadalupe hab\u00eda notificado que el accidente se produjo debido a que el autob\u00fas sufri\u00f3 el choque de un cami\u00f3n. No obstante, no se encontr\u00f3 a la otra unidad afectada en la zona del siniestro.<br><\/p>\n\n\n\n<p class=\"wp-block-paragraph\">La Superintendencia de Transporte Terrestre de Personas, Carga y Mercanc\u00edas (SUTRAN) indic\u00f3 que ha iniciado &#8220;la inmediata verificaci\u00f3n de los hechos, a fin de proceder con las actuaciones en el marco de sus competencias&#8221;.<\/p>\n","protected":false},"excerpt":{"rendered":"<p>El transporte de pasajeros parti\u00f3 a las 20:00 horas del domingo de la ciudad de Hu\u00e1nuco, en el centro norte del pa\u00eds, y ten\u00eda como destino Lima. Al menos 10 personas murieron y otras 25 resultaron heridas por el accidente de un autob\u00fas en la regi\u00f3n de Lima, ocurrido la madrugada de este lunes. El [&hellip;]<\/p>\n","protected":false},"author":1,"featured_media":8081,"comment_status":"closed","ping_status":"closed","sticky":false,"template":"","format":"standard","meta":{"footnotes":""},"categories":[80],"tags":[],"class_list":["post-8080","post","type-post","status-publish","format-standard","has-post-thumbnail","hentry","category-mundo"],"_links":{"self":[{"href":"https:\/\/themexicopost.com\/index.php?rest_route=\/wp\/v2\/posts\/8080","targetHints":{"allow":["GET"]}}],"collection":[{"href":"https:\/\/themexicopost.com\/index.php?rest_route=\/wp\/v2\/posts"}],"about":[{"href":"https:\/\/themexicopost.com\/index.php?rest_route=\/wp\/v2\/types\/post"}],"author":[{"embeddable":true,"href":"https:\/\/themexicopost.com\/index.php?rest_route=\/wp\/v2\/users\/1"}],"replies":[{"embeddable":true,"href":"https:\/\/themexicopost.com\/index.php?rest_route=%2Fwp%2Fv2%2Fcomments&post=8080"}],"version-history":[{"count":1,"href":"https:\/\/themexicopost.com\/index.php?rest_route=\/wp\/v2\/posts\/8080\/revisions"}],"predecessor-version":[{"id":8083,"href":"https:\/\/themexicopost.com\/index.php?rest_route=\/wp\/v2\/posts\/8080\/revisions\/8083"}],"wp:featuredmedia":[{"embeddable":true,"href":"https:\/\/themexicopost.com\/index.php?rest_route=\/wp\/v2\/media\/8081"}],"wp:attachment":[{"href":"https:\/\/themexicopost.com\/index.php?rest_route=%2Fwp%2Fv2%2Fmedia&parent=8080"}],"wp:term":[{"taxonomy":"category","embeddable":true,"href":"https:\/\/themexicopost.com\/index.php?rest_route=%2Fwp%2Fv2%2Fcategories&post=8080"},{"taxonomy":"post_tag","embeddable":true,"href":"https:\/\/themexicopost.com\/index.php?rest_route=%2Fwp%2Fv2%2Ftags&post=8080"}],"curies":[{"name":"wp","href":"https:\/\/api.w.org\/{rel}","templated":true}]}}