{"id":8088,"date":"2023-04-11T16:31:18","date_gmt":"2023-04-11T16:31:18","guid":{"rendered":"https:\/\/themexicopost.com\/?p=8088"},"modified":"2023-04-11T16:31:19","modified_gmt":"2023-04-11T16:31:19","slug":"obreros-se-encuentran-demoliendo-el-interior-de-plaza-condesa-en-la-cuauhtemoc","status":"publish","type":"post","link":"https:\/\/themexicopost.com\/?p=8088","title":{"rendered":"Obreros se encuentran demoliendo el interior de Plaza Condesa en la Cuauht\u00e9moc"},"content":{"rendered":"\n<figure class=\"wp-block-pullquote\"><blockquote><p>Tras el sismo del 19 de septiembre de 2017, el inmueble qued\u00f3 da\u00f1ado y fueron vecinos de la colonia Condesa quienes reportaron las fallas<\/p><\/blockquote><\/figure>\n\n\n\n<p class=\"has-drop-cap wp-block-paragraph\">La Plaza Condesa ubicada en el n\u00famero 4 de la calle Juan Escutia entre las avenidas Nuevo Le\u00f3n y Tamaulipas, en la colonia Condesa, en la alcald\u00eda Cuauht\u00e9moc, desde hace un mes est\u00e1 derribado.<br><\/p>\n\n\n\n<p class=\"wp-block-paragraph\">Una cuadrilla de obreros trabaja en el interior para demoler por partes el enorme edificio que pod\u00eda albergar a m\u00e1s de 2 mil personas y famoso por sus conciertos, nacionales e internacionales.<br><\/p>\n\n\n\n<p class=\"wp-block-paragraph\">Antes de su demolici\u00f3n el enorme edificio que pod\u00eda albergar a m\u00e1s de 2 mil personas y famoso por sus conciertos, nacionales e internacionales, actualmente una cuadrilla de obreros trabaja en el interior para demolerlo por partes.<br><\/p>\n\n\n\n<p class=\"wp-block-paragraph\">\u201cYa llevamos trabajando como un mes y medio en el interior, somos pocos trabajadores por Semana Santa\u2026 Est\u00e1 mal el edificio, qued\u00f3 afectado por el temblor\u2026\u201d nos explic\u00f3 Juan, obrero del lugar.<br><\/p>\n\n\n\n<p class=\"wp-block-paragraph\">Despu\u00e9s del sismo del pasado 19 de septiembre, el inmueble qued\u00f3 da\u00f1ado y fueron vecinos de la colonia Condesa quienes reportaron las fallas ante el riesgo de un inminente colapso.<br><\/p>\n\n\n\n<p class=\"wp-block-paragraph\">Por ello y tras una minuciosa supervisi\u00f3n, la Comisi\u00f3n de Reconstrucci\u00f3n del Gobierno de la Ciudad de M\u00e9xico determin\u00f3 que el inmueble era inhabitable y se procedi\u00f3 a su demolici\u00f3n.<\/p>\n","protected":false},"excerpt":{"rendered":"<p>Tras el sismo del 19 de septiembre de 2017, el inmueble qued\u00f3 da\u00f1ado y fueron vecinos de la colonia Condesa quienes reportaron las fallas La Plaza Condesa ubicada en el n\u00famero 4 de la calle Juan Escutia entre las avenidas Nuevo Le\u00f3n y Tamaulipas, en la colonia Condesa, en la alcald\u00eda Cuauht\u00e9moc, desde hace un [&hellip;]<\/p>\n","protected":false},"author":1,"featured_media":8089,"comment_status":"closed","ping_status":"closed","sticky":false,"template":"","format":"standard","meta":{"footnotes":""},"categories":[82],"tags":[],"class_list":["post-8088","post","type-post","status-publish","format-standard","has-post-thumbnail","hentry","category-cdmx"],"_links":{"self":[{"href":"https:\/\/themexicopost.com\/index.php?rest_route=\/wp\/v2\/posts\/8088","targetHints":{"allow":["GET"]}}],"collection":[{"href":"https:\/\/themexicopost.com\/index.php?rest_route=\/wp\/v2\/posts"}],"about":[{"href":"https:\/\/themexicopost.com\/index.php?rest_route=\/wp\/v2\/types\/post"}],"author":[{"embeddable":true,"href":"https:\/\/themexicopost.com\/index.php?rest_route=\/wp\/v2\/users\/1"}],"replies":[{"embeddable":true,"href":"https:\/\/themexicopost.com\/index.php?rest_route=%2Fwp%2Fv2%2Fcomments&post=8088"}],"version-history":[{"count":1,"href":"https:\/\/themexicopost.com\/index.php?rest_route=\/wp\/v2\/posts\/8088\/revisions"}],"predecessor-version":[{"id":8090,"href":"https:\/\/themexicopost.com\/index.php?rest_route=\/wp\/v2\/posts\/8088\/revisions\/8090"}],"wp:featuredmedia":[{"embeddable":true,"href":"https:\/\/themexicopost.com\/index.php?rest_route=\/wp\/v2\/media\/8089"}],"wp:attachment":[{"href":"https:\/\/themexicopost.com\/index.php?rest_route=%2Fwp%2Fv2%2Fmedia&parent=8088"}],"wp:term":[{"taxonomy":"category","embeddable":true,"href":"https:\/\/themexicopost.com\/index.php?rest_route=%2Fwp%2Fv2%2Fcategories&post=8088"},{"taxonomy":"post_tag","embeddable":true,"href":"https:\/\/themexicopost.com\/index.php?rest_route=%2Fwp%2Fv2%2Ftags&post=8088"}],"curies":[{"name":"wp","href":"https:\/\/api.w.org\/{rel}","templated":true}]}}