{"id":8102,"date":"2023-04-11T16:36:07","date_gmt":"2023-04-11T16:36:07","guid":{"rendered":"https:\/\/themexicopost.com\/?p=8102"},"modified":"2023-04-11T16:36:08","modified_gmt":"2023-04-11T16:36:08","slug":"sostiene-gobernador-de-sinaloa-reunion-con-dirigentes-agricolas-en-culiacan","status":"publish","type":"post","link":"https:\/\/themexicopost.com\/?p=8102","title":{"rendered":"Sostiene Gobernador de Sinaloa reuni\u00f3n con dirigentes agr\u00edcolas en Culiac\u00e1n"},"content":{"rendered":"\n<p class=\"has-drop-cap wp-block-paragraph\">Como se dio a conocer durante la Conferencia Semanera, hoy a mediod\u00eda, el Gobernador Rub\u00e9n Rocha Moya sostuvo una reuni\u00f3n de seguimiento con l\u00edderes de organizaciones agr\u00edcolas para tratar lo relativo a la comercializaci\u00f3n del ma\u00edz y el trigo, en la que tambi\u00e9n estuvo presente Jos\u00e9 Jaime Montes Salas, Secretario de Agricultura y Ganader\u00eda.<br><\/p>\n\n\n\n<p class=\"wp-block-paragraph\">Montes Salas brind\u00f3 detalles sobre este acercamiento, se\u00f1alando que el acuerdo principal fue buscar que se consolide la propuesta del mandatario estatal y las instrucciones del Presidente Andr\u00e9s Manuel L\u00f3pez Obrador, en cuanto al proceso de comercializaci\u00f3n.<br><\/p>\n\n\n\n<p class=\"wp-block-paragraph\">El Secretario indic\u00f3 que cuando existan m\u00e1s avances en las negociaciones sobre el tema del ma\u00edz se realizar\u00e1 una reuni\u00f3n m\u00e1s grande e informativa, en la que tambi\u00e9n se comentar\u00e1 de manera m\u00e1s espec\u00edfica el tema del trigo.<br><\/p>\n\n\n\n<p class=\"wp-block-paragraph\">Finalmente el gobernador Rocha les manifest\u00f3 el respaldo total a sus demandas y que mantendr\u00e1 una constante comunicaci\u00f3n con dirigentes y l\u00edderes de las organizaciones de productores.<\/p>\n","protected":false},"excerpt":{"rendered":"<p>Como se dio a conocer durante la Conferencia Semanera, hoy a mediod\u00eda, el Gobernador Rub\u00e9n Rocha Moya sostuvo una reuni\u00f3n de seguimiento con l\u00edderes de organizaciones agr\u00edcolas para tratar lo relativo a la comercializaci\u00f3n del ma\u00edz y el trigo, en la que tambi\u00e9n estuvo presente Jos\u00e9 Jaime Montes Salas, Secretario de Agricultura y Ganader\u00eda. Montes [&hellip;]<\/p>\n","protected":false},"author":1,"featured_media":8103,"comment_status":"closed","ping_status":"closed","sticky":false,"template":"","format":"standard","meta":{"footnotes":""},"categories":[81],"tags":[],"class_list":["post-8102","post","type-post","status-publish","format-standard","has-post-thumbnail","hentry","category-nacional"],"_links":{"self":[{"href":"https:\/\/themexicopost.com\/index.php?rest_route=\/wp\/v2\/posts\/8102","targetHints":{"allow":["GET"]}}],"collection":[{"href":"https:\/\/themexicopost.com\/index.php?rest_route=\/wp\/v2\/posts"}],"about":[{"href":"https:\/\/themexicopost.com\/index.php?rest_route=\/wp\/v2\/types\/post"}],"author":[{"embeddable":true,"href":"https:\/\/themexicopost.com\/index.php?rest_route=\/wp\/v2\/users\/1"}],"replies":[{"embeddable":true,"href":"https:\/\/themexicopost.com\/index.php?rest_route=%2Fwp%2Fv2%2Fcomments&post=8102"}],"version-history":[{"count":1,"href":"https:\/\/themexicopost.com\/index.php?rest_route=\/wp\/v2\/posts\/8102\/revisions"}],"predecessor-version":[{"id":8104,"href":"https:\/\/themexicopost.com\/index.php?rest_route=\/wp\/v2\/posts\/8102\/revisions\/8104"}],"wp:featuredmedia":[{"embeddable":true,"href":"https:\/\/themexicopost.com\/index.php?rest_route=\/wp\/v2\/media\/8103"}],"wp:attachment":[{"href":"https:\/\/themexicopost.com\/index.php?rest_route=%2Fwp%2Fv2%2Fmedia&parent=8102"}],"wp:term":[{"taxonomy":"category","embeddable":true,"href":"https:\/\/themexicopost.com\/index.php?rest_route=%2Fwp%2Fv2%2Fcategories&post=8102"},{"taxonomy":"post_tag","embeddable":true,"href":"https:\/\/themexicopost.com\/index.php?rest_route=%2Fwp%2Fv2%2Ftags&post=8102"}],"curies":[{"name":"wp","href":"https:\/\/api.w.org\/{rel}","templated":true}]}}