{"id":8105,"date":"2023-04-11T16:36:58","date_gmt":"2023-04-11T16:36:58","guid":{"rendered":"https:\/\/themexicopost.com\/?p=8105"},"modified":"2023-04-11T16:37:00","modified_gmt":"2023-04-11T16:37:00","slug":"capturaron-comercios-queretanos-derrama-economica-de-400-mdp-este-fin-de-semana","status":"publish","type":"post","link":"https:\/\/themexicopost.com\/?p=8105","title":{"rendered":"Capturaron comercios queretanos derrama econ\u00f3mica de 400 MDP este fin de semana"},"content":{"rendered":"\n<p class=\"has-drop-cap wp-block-paragraph\">Establecimientos del sector comercio, servicios y turismo captaron una derrama econ\u00f3mica de 400 millones de pesos durante la primera semana del per\u00edodo vacacional, en Semana Santa, de acuerdo con la C\u00e1mara de Comercio de Quer\u00e9taro.<br><\/p>\n\n\n\n<p class=\"wp-block-paragraph\">Esta cifra representa un avance de 59.7% respecto a la proyecci\u00f3n de 670 millones de pesos que se prev\u00e9 recaudar entre la semana pasada y la actual, por Semana Santa y Pascua, con base en las estimaciones del organismo empresarial.<br><\/p>\n\n\n\n<p class=\"wp-block-paragraph\">Durante la primera semana de asueto, las unidades econ\u00f3micas reportaron un alza de 20% en sus ventas, en relaci\u00f3n con una temporada convencional, refiri\u00f3 el presidente de la C\u00e1mara de Comercio de Quer\u00e9taro, Fabi\u00e1n Camacho Arredondo.<br><\/p>\n\n\n\n<p class=\"wp-block-paragraph\">En la primera etapa de este per\u00edodo vacacional, resalt\u00f3, las plazas comerciales tambi\u00e9n concentraron una alta demanda.<br><\/p>\n\n\n\n<p class=\"wp-block-paragraph\">Para esta segunda semana se espera recibir una derrama econ\u00f3mica de entre 280 y 300 millones de pesos, que se sumar\u00e1 a los 400 captados en Semana Santa.<\/p>\n","protected":false},"excerpt":{"rendered":"<p>Establecimientos del sector comercio, servicios y turismo captaron una derrama econ\u00f3mica de 400 millones de pesos durante la primera semana del per\u00edodo vacacional, en Semana Santa, de acuerdo con la C\u00e1mara de Comercio de Quer\u00e9taro. Esta cifra representa un avance de 59.7% respecto a la proyecci\u00f3n de 670 millones de pesos que se prev\u00e9 recaudar [&hellip;]<\/p>\n","protected":false},"author":1,"featured_media":8106,"comment_status":"closed","ping_status":"closed","sticky":false,"template":"","format":"standard","meta":{"footnotes":""},"categories":[81],"tags":[],"class_list":["post-8105","post","type-post","status-publish","format-standard","has-post-thumbnail","hentry","category-nacional"],"_links":{"self":[{"href":"https:\/\/themexicopost.com\/index.php?rest_route=\/wp\/v2\/posts\/8105","targetHints":{"allow":["GET"]}}],"collection":[{"href":"https:\/\/themexicopost.com\/index.php?rest_route=\/wp\/v2\/posts"}],"about":[{"href":"https:\/\/themexicopost.com\/index.php?rest_route=\/wp\/v2\/types\/post"}],"author":[{"embeddable":true,"href":"https:\/\/themexicopost.com\/index.php?rest_route=\/wp\/v2\/users\/1"}],"replies":[{"embeddable":true,"href":"https:\/\/themexicopost.com\/index.php?rest_route=%2Fwp%2Fv2%2Fcomments&post=8105"}],"version-history":[{"count":1,"href":"https:\/\/themexicopost.com\/index.php?rest_route=\/wp\/v2\/posts\/8105\/revisions"}],"predecessor-version":[{"id":8107,"href":"https:\/\/themexicopost.com\/index.php?rest_route=\/wp\/v2\/posts\/8105\/revisions\/8107"}],"wp:featuredmedia":[{"embeddable":true,"href":"https:\/\/themexicopost.com\/index.php?rest_route=\/wp\/v2\/media\/8106"}],"wp:attachment":[{"href":"https:\/\/themexicopost.com\/index.php?rest_route=%2Fwp%2Fv2%2Fmedia&parent=8105"}],"wp:term":[{"taxonomy":"category","embeddable":true,"href":"https:\/\/themexicopost.com\/index.php?rest_route=%2Fwp%2Fv2%2Fcategories&post=8105"},{"taxonomy":"post_tag","embeddable":true,"href":"https:\/\/themexicopost.com\/index.php?rest_route=%2Fwp%2Fv2%2Ftags&post=8105"}],"curies":[{"name":"wp","href":"https:\/\/api.w.org\/{rel}","templated":true}]}}