{"id":8111,"date":"2023-04-11T16:38:35","date_gmt":"2023-04-11T16:38:35","guid":{"rendered":"https:\/\/themexicopost.com\/?p=8111"},"modified":"2023-04-11T16:38:36","modified_gmt":"2023-04-11T16:38:36","slug":"afirma-monreal-que-el-campo-requiere-mas-apoyo","status":"publish","type":"post","link":"https:\/\/themexicopost.com\/?p=8111","title":{"rendered":"Afirma Monreal que el campo requiere m\u00e1s apoyo"},"content":{"rendered":"\n<figure class=\"wp-block-pullquote\"><blockquote><p>En el aniversario del asesinato del Caudillo del Sur, pide respaldar a campesinos, trigueros, arroceros, cafeticultores, ca\u00f1eros, ganaderos y pescadores<\/p><\/blockquote><\/figure>\n\n\n\n<p class=\"has-drop-cap wp-block-paragraph\">En el contexto del aniversario luctuoso de Emiliano Zapata, el l\u00edder de la bancada de Morena en el Senado de la Rep\u00fablica, Ricardo Monreal, insisti\u00f3 en que el campo no es problema, sino soluci\u00f3n, por lo que el Estado Mexicano debe apoyarlo.<br><\/p>\n\n\n\n<p class=\"wp-block-paragraph\">\u201cEl campo no es problema, el campo es soluci\u00f3n y tenemos que acudir en su apoyo y en su auxilio: en la organizaci\u00f3n, en la comercializaci\u00f3n, en los precios, en su calidad de vida\u201d, detall\u00f3 en un mensaje difundido en redes sociales.<br><\/p>\n\n\n\n<p class=\"wp-block-paragraph\">Por ello, subray\u00f3 que campesinos, productores del campo, trigueros, arroceros, cafeticultores, ca\u00f1eros, ganaderos y pescadores requieren el respaldo del Estado mexicano.<br><\/p>\n\n\n\n<p class=\"wp-block-paragraph\">Asimismo, asever\u00f3 que el Caudillo del Sur es uno de los referentes m\u00e1s importantes de la resistencia campesina en M\u00e9xico. \u201cEl legado de Zapata a\u00fan se mantiene, su lucha se mantiene. \u00a1Que vivan los campesinos de M\u00e9xico!\u201d, expres\u00f3.<br><\/p>\n\n\n\n<p class=\"wp-block-paragraph\">\u201cEn su aniversario luctuoso, hoy recordamos al Caudillo del Sur, Emiliano Zapata, uno de los referentes m\u00e1s importantes de la resistencia campesina en M\u00e9xico\u201d, puntualiz\u00f3.<br><\/p>\n\n\n\n<p class=\"wp-block-paragraph\">Adem\u00e1s, el coordinador parlamentario puntualiz\u00f3 que el revolucionario liber\u00f3 a millones de campesinos de la pobreza y comenz\u00f3 el reparto de la tierra en Morelos y los estados aleda\u00f1os.<br><\/p>\n\n\n\n<p class=\"wp-block-paragraph\">En ese sentido, explic\u00f3 que Zapata, que fue asesinado un d\u00eda como este pero de 1919, al ser emboscado por Jes\u00fas Guajardo, un militar que segu\u00eda las \u00f3rdenes de las Fuerzas Armadas que en ese entonces gobernaban al pa\u00eds.<br><\/p>\n\n\n\n<p class=\"wp-block-paragraph\">Desde entonces su memoria se mantiene imborrable, como un s\u00edmbolo de las demandas y los movimientos campesinos mexicanos; ese legado que nos hered\u00f3 Zapata se mantiene vivo, puntualiz\u00f3 Monreal \u00c1vila.<br><\/p>\n\n\n\n<p class=\"wp-block-paragraph\">\u201cEs mejor morir de pie que vivir toda una vida arrodillado\u201d, parafrase\u00f3 el senador de Morena.<\/p>\n","protected":false},"excerpt":{"rendered":"<p>En el aniversario del asesinato del Caudillo del Sur, pide respaldar a campesinos, trigueros, arroceros, cafeticultores, ca\u00f1eros, ganaderos y pescadores En el contexto del aniversario luctuoso de Emiliano Zapata, el l\u00edder de la bancada de Morena en el Senado de la Rep\u00fablica, Ricardo Monreal, insisti\u00f3 en que el campo no es problema, sino soluci\u00f3n, por [&hellip;]<\/p>\n","protected":false},"author":1,"featured_media":8112,"comment_status":"closed","ping_status":"closed","sticky":false,"template":"","format":"standard","meta":{"footnotes":""},"categories":[81],"tags":[],"class_list":["post-8111","post","type-post","status-publish","format-standard","has-post-thumbnail","hentry","category-nacional"],"_links":{"self":[{"href":"https:\/\/themexicopost.com\/index.php?rest_route=\/wp\/v2\/posts\/8111","targetHints":{"allow":["GET"]}}],"collection":[{"href":"https:\/\/themexicopost.com\/index.php?rest_route=\/wp\/v2\/posts"}],"about":[{"href":"https:\/\/themexicopost.com\/index.php?rest_route=\/wp\/v2\/types\/post"}],"author":[{"embeddable":true,"href":"https:\/\/themexicopost.com\/index.php?rest_route=\/wp\/v2\/users\/1"}],"replies":[{"embeddable":true,"href":"https:\/\/themexicopost.com\/index.php?rest_route=%2Fwp%2Fv2%2Fcomments&post=8111"}],"version-history":[{"count":1,"href":"https:\/\/themexicopost.com\/index.php?rest_route=\/wp\/v2\/posts\/8111\/revisions"}],"predecessor-version":[{"id":8113,"href":"https:\/\/themexicopost.com\/index.php?rest_route=\/wp\/v2\/posts\/8111\/revisions\/8113"}],"wp:featuredmedia":[{"embeddable":true,"href":"https:\/\/themexicopost.com\/index.php?rest_route=\/wp\/v2\/media\/8112"}],"wp:attachment":[{"href":"https:\/\/themexicopost.com\/index.php?rest_route=%2Fwp%2Fv2%2Fmedia&parent=8111"}],"wp:term":[{"taxonomy":"category","embeddable":true,"href":"https:\/\/themexicopost.com\/index.php?rest_route=%2Fwp%2Fv2%2Fcategories&post=8111"},{"taxonomy":"post_tag","embeddable":true,"href":"https:\/\/themexicopost.com\/index.php?rest_route=%2Fwp%2Fv2%2Ftags&post=8111"}],"curies":[{"name":"wp","href":"https:\/\/api.w.org\/{rel}","templated":true}]}}