{"id":89046,"date":"2026-08-31T06:34:23","date_gmt":"2026-08-31T12:34:23","guid":{"rendered":"https:\/\/themexicopost.com\/?p=89046"},"modified":"2026-08-31T06:34:23","modified_gmt":"2026-08-31T12:34:23","slug":"pogacar-sera-operado-tras-brutal-caida-en-la-vuelta-a-espana","status":"publish","type":"post","link":"https:\/\/themexicopost.com\/?p=89046","title":{"rendered":"Poga\u010dar ser\u00e1 operado tras brutal ca\u00edda en la Vuelta a Espa\u00f1a"},"content":{"rendered":"\n<figure class=\"wp-block-pullquote\"><blockquote><p>El esloveno sufri\u00f3 una conmoci\u00f3n cerebral y fracturas en la clav\u00edcula y la v\u00e9rtebra C7, por lo que tuvo que abandonar la competencia.<\/p><\/blockquote><\/figure>\n\n\n\n<p class=\"has-drop-cap wp-block-paragraph\">Tadej Poga\u010dar sufri\u00f3 un fuerte rev\u00e9s en la Vuelta a Espa\u00f1a. El ciclista esloveno tuvo que abandonar la competencia tras protagonizar una aparatosa ca\u00edda durante la octava etapa, cuando se encontraba como l\u00edder destacado de la clasificaci\u00f3n general.<br><\/p>\n\n\n\n<p class=\"wp-block-paragraph\">El pentacampe\u00f3n del Tour de Francia fue trasladado a un hospital despu\u00e9s del accidente y los estudios m\u00e9dicos confirmaron una conmoci\u00f3n cerebral, una fractura desplazada de la clav\u00edcula izquierda, una fractura cervical estable de la v\u00e9rtebra C7 y m\u00faltiples abrasiones.<br><\/p>\n\n\n\n<p class=\"wp-block-paragraph\">De acuerdo con el equipo UAE, Poga\u010dar se encuentra estable y no presenta otras lesiones graves ni secuelas neurol\u00f3gicas. Sin embargo, deber\u00e1 ser intervenido quir\u00fargicamente de la clav\u00edcula, procedimiento que fue pospuesto inicialmente como medida de precauci\u00f3n debido a la conmoci\u00f3n cerebral.<br><\/p>\n\n\n\n<p class=\"wp-block-paragraph\">El ciclista fue trasladado posteriormente a Barcelona, donde ser\u00e1 atendido en el Hospital Universitario Dexeus por el reconocido traumat\u00f3logo Xavier Mir, especialista en lesiones de la extremidad superior y microcirug\u00eda de la mano.<br><\/p>\n\n\n\n<p class=\"wp-block-paragraph\">Mir es conocido por atender a destacados pilotos de MotoGP, entre ellos Marc M\u00e1rquez, Jorge Lorenzo, Dani Pedrosa y Jorge Mart\u00edn.<br><\/p>\n\n\n\n<p class=\"wp-block-paragraph\">La ca\u00edda ocurri\u00f3 a unos 32 kil\u00f3metros de la meta de la octava etapa y oblig\u00f3 al l\u00edder del UAE a poner fin a su participaci\u00f3n en la Vuelta. Se trata de su s\u00e9ptimo abandono desde que lleg\u00f3 al equipo en 2019 y el primero en una carrera por etapas.<br><\/p>\n\n\n\n<p class=\"wp-block-paragraph\">El equipo UAE inform\u00f3 que dar\u00e1 a conocer nuevos detalles sobre la evoluci\u00f3n del corredor una vez que concluya la intervenci\u00f3n quir\u00fargica.<\/p>\n","protected":false},"excerpt":{"rendered":"<p>El esloveno sufri\u00f3 una conmoci\u00f3n cerebral y fracturas en la clav\u00edcula y la v\u00e9rtebra C7, por lo que tuvo que abandonar la competencia. Tadej Poga\u010dar sufri\u00f3 un fuerte rev\u00e9s en la Vuelta a Espa\u00f1a. El ciclista esloveno tuvo que abandonar la competencia tras protagonizar una aparatosa ca\u00edda durante la octava etapa, cuando se encontraba como [&hellip;]<\/p>\n","protected":false},"author":1,"featured_media":89051,"comment_status":"closed","ping_status":"closed","sticky":false,"template":"","format":"standard","meta":{"footnotes":""},"categories":[79],"tags":[],"class_list":["post-89046","post","type-post","status-publish","format-standard","has-post-thumbnail","hentry","category-deportes"],"_links":{"self":[{"href":"https:\/\/themexicopost.com\/index.php?rest_route=\/wp\/v2\/posts\/89046","targetHints":{"allow":["GET"]}}],"collection":[{"href":"https:\/\/themexicopost.com\/index.php?rest_route=\/wp\/v2\/posts"}],"about":[{"href":"https:\/\/themexicopost.com\/index.php?rest_route=\/wp\/v2\/types\/post"}],"author":[{"embeddable":true,"href":"https:\/\/themexicopost.com\/index.php?rest_route=\/wp\/v2\/users\/1"}],"replies":[{"embeddable":true,"href":"https:\/\/themexicopost.com\/index.php?rest_route=%2Fwp%2Fv2%2Fcomments&post=89046"}],"version-history":[{"count":1,"href":"https:\/\/themexicopost.com\/index.php?rest_route=\/wp\/v2\/posts\/89046\/revisions"}],"predecessor-version":[{"id":89052,"href":"https:\/\/themexicopost.com\/index.php?rest_route=\/wp\/v2\/posts\/89046\/revisions\/89052"}],"wp:featuredmedia":[{"embeddable":true,"href":"https:\/\/themexicopost.com\/index.php?rest_route=\/wp\/v2\/media\/89051"}],"wp:attachment":[{"href":"https:\/\/themexicopost.com\/index.php?rest_route=%2Fwp%2Fv2%2Fmedia&parent=89046"}],"wp:term":[{"taxonomy":"category","embeddable":true,"href":"https:\/\/themexicopost.com\/index.php?rest_route=%2Fwp%2Fv2%2Fcategories&post=89046"},{"taxonomy":"post_tag","embeddable":true,"href":"https:\/\/themexicopost.com\/index.php?rest_route=%2Fwp%2Fv2%2Ftags&post=89046"}],"curies":[{"name":"wp","href":"https:\/\/api.w.org\/{rel}","templated":true}]}}