{"id":89056,"date":"2026-08-31T06:36:29","date_gmt":"2026-08-31T12:36:29","guid":{"rendered":"https:\/\/themexicopost.com\/?p=89056"},"modified":"2026-08-31T06:36:31","modified_gmt":"2026-08-31T12:36:31","slug":"jardin-flotante-tlallipan-se-consolida-como-nuevo-punto-de-encuentro-en-cdmx-clara-brugada","status":"publish","type":"post","link":"https:\/\/themexicopost.com\/?p=89056","title":{"rendered":"Jard\u00edn Flotante Tlallipan se consolida como nuevo punto de encuentro en CDMX: Clara Brugada"},"content":{"rendered":"\n<figure class=\"wp-block-pullquote\"><blockquote><p>La primera UTOP\u00cdA elevada de la capital alcanza una afluencia hist\u00f3rica y fortalece el acceso gratuito a espacios p\u00fablicos de calidad.<\/p><\/blockquote><\/figure>\n\n\n\n<p class=\"has-drop-cap wp-block-paragraph\">A menos de tres meses de su inauguraci\u00f3n, el Jard\u00edn Flotante Tlallipan alcanz\u00f3 los 500 mil visitantes, consolid\u00e1ndose como uno de los nuevos espacios p\u00fablicos de convivencia, cultura, deporte y recreaci\u00f3n de la Ciudad de M\u00e9xico.<br><\/p>\n\n\n\n<p class=\"wp-block-paragraph\">La jefa de Gobierno, Clara Brugada Molina, encabez\u00f3 la celebraci\u00f3n por la llegada de la visitante n\u00famero 500 mil, Marisela Rodr\u00edguez Vel\u00e1zquez, a quien entreg\u00f3 un reconocimiento y destac\u00f3 la respuesta de la ciudadan\u00eda a este proyecto inaugurado el pasado 7 de junio.<br><\/p>\n\n\n\n<p class=\"wp-block-paragraph\">Brugada Molina se\u00f1al\u00f3 que el Jard\u00edn Flotante permite recuperar una zona que anteriormente carec\u00eda de espacios p\u00fablicos y ofrece un recorrido de casi dos kil\u00f3metros, adem\u00e1s de conexi\u00f3n directa y gratuita con el Metro Chabacano y accesos hacia San Antonio Abad y Pino Su\u00e1rez.<br><\/p>\n\n\n\n<p class=\"wp-block-paragraph\">El espacio cuenta con cuatro grandes \u00e1reas de atenci\u00f3n: L\u00fadica, Emprendedora, Deportiva y Gastron\u00f3mica, donde se desarrollan actividades para personas de todas las edades.<br><\/p>\n\n\n\n<figure class=\"wp-block-image size-large\"><img fetchpriority=\"high\" decoding=\"async\" width=\"1024\" height=\"684\" src=\"https:\/\/themexicopost.com\/wp-content\/uploads\/2026\/08\/5clara-2-9-1024x684.jpeg\" alt=\"\" class=\"wp-image-89061\" srcset=\"https:\/\/themexicopost.com\/wp-content\/uploads\/2026\/08\/5clara-2-9-1024x684.jpeg 1024w, https:\/\/themexicopost.com\/wp-content\/uploads\/2026\/08\/5clara-2-9-300x201.jpeg 300w, https:\/\/themexicopost.com\/wp-content\/uploads\/2026\/08\/5clara-2-9-768x513.jpeg 768w, https:\/\/themexicopost.com\/wp-content\/uploads\/2026\/08\/5clara-2-9.jpeg 1200w\" sizes=\"(max-width: 1024px) 100vw, 1024px\" \/><\/figure>\n\n\n\n<p class=\"wp-block-paragraph\">Entre sus servicios destacan la Casa de D\u00eda para Adultos Mayores, que atiende entre 100 y 150 personas diariamente; la Sala de Infancias, con capacidad para recibir hasta 120 menores al d\u00eda; y el Cuenco de las Emociones, que ofrece orientaci\u00f3n psicol\u00f3gica gratuita.<br><\/p>\n\n\n\n<p class=\"wp-block-paragraph\">Tambi\u00e9n se encuentra el programa \u201cDel Campo a la Ciudad\u201d, que recibe alrededor de 400 personas diariamente y comercializa hasta tres toneladas de frutas y verduras a bajo costo, as\u00ed como la Tienda de la Tierra, donde productores ofrecen alimentos tradicionales mexicanos.<br><\/p>\n\n\n\n<p class=\"wp-block-paragraph\">La oferta se complementa con talleres culturales, actividades deportivas, proyecciones al aire libre y espacios para corredores y familias. El Jard\u00edn alberga adem\u00e1s flora nativa y \u00e1reas como el Jard\u00edn Xer\u00f3filo y el Jard\u00edn de Polinizadores, donde se ha favorecido la presencia de mariposas.<br><\/p>\n\n\n\n<p class=\"wp-block-paragraph\">Durante la jornada, la mandataria capitalina tambi\u00e9n particip\u00f3 en una partida de ajedrez con el director general de SERVIMET, Carlos Mackinlay, que termin\u00f3 en tablas.<br><\/p>\n\n\n\n<p class=\"wp-block-paragraph\">El director de SERVIMET destac\u00f3 que Tlallipan representa un nuevo atractivo tur\u00edstico y urbano que contribuye a reconectar distintas zonas de la capital mediante un espacio accesible, recreativo y sustentable.<\/p>\n","protected":false},"excerpt":{"rendered":"<p>La primera UTOP\u00cdA elevada de la capital alcanza una afluencia hist\u00f3rica y fortalece el acceso gratuito a espacios p\u00fablicos de calidad. A menos de tres meses de su inauguraci\u00f3n, el Jard\u00edn Flotante Tlallipan alcanz\u00f3 los 500 mil visitantes, consolid\u00e1ndose como uno de los nuevos espacios p\u00fablicos de convivencia, cultura, deporte y recreaci\u00f3n de la Ciudad [&hellip;]<\/p>\n","protected":false},"author":1,"featured_media":89060,"comment_status":"closed","ping_status":"closed","sticky":false,"template":"","format":"standard","meta":{"footnotes":""},"categories":[82,83],"tags":[],"class_list":["post-89056","post","type-post","status-publish","format-standard","has-post-thumbnail","hentry","category-cdmx","category-destacado"],"_links":{"self":[{"href":"https:\/\/themexicopost.com\/index.php?rest_route=\/wp\/v2\/posts\/89056","targetHints":{"allow":["GET"]}}],"collection":[{"href":"https:\/\/themexicopost.com\/index.php?rest_route=\/wp\/v2\/posts"}],"about":[{"href":"https:\/\/themexicopost.com\/index.php?rest_route=\/wp\/v2\/types\/post"}],"author":[{"embeddable":true,"href":"https:\/\/themexicopost.com\/index.php?rest_route=\/wp\/v2\/users\/1"}],"replies":[{"embeddable":true,"href":"https:\/\/themexicopost.com\/index.php?rest_route=%2Fwp%2Fv2%2Fcomments&post=89056"}],"version-history":[{"count":1,"href":"https:\/\/themexicopost.com\/index.php?rest_route=\/wp\/v2\/posts\/89056\/revisions"}],"predecessor-version":[{"id":89062,"href":"https:\/\/themexicopost.com\/index.php?rest_route=\/wp\/v2\/posts\/89056\/revisions\/89062"}],"wp:featuredmedia":[{"embeddable":true,"href":"https:\/\/themexicopost.com\/index.php?rest_route=\/wp\/v2\/media\/89060"}],"wp:attachment":[{"href":"https:\/\/themexicopost.com\/index.php?rest_route=%2Fwp%2Fv2%2Fmedia&parent=89056"}],"wp:term":[{"taxonomy":"category","embeddable":true,"href":"https:\/\/themexicopost.com\/index.php?rest_route=%2Fwp%2Fv2%2Fcategories&post=89056"},{"taxonomy":"post_tag","embeddable":true,"href":"https:\/\/themexicopost.com\/index.php?rest_route=%2Fwp%2Fv2%2Ftags&post=89056"}],"curies":[{"name":"wp","href":"https:\/\/api.w.org\/{rel}","templated":true}]}}